{"id":234966,"date":"2026-03-09T10:00:40","date_gmt":"2026-03-09T09:00:40","guid":{"rendered":"https:\/\/www.solfinc.com\/?p=234966"},"modified":"2026-08-17T13:50:38","modified_gmt":"2026-08-17T11:50:38","slug":"riesgos-fiscales-alquiler-opcion-compra","status":"publish","type":"post","link":"https:\/\/www.solfinc.com\/es\/blog\/riesgos-fiscales-alquiler-opcion-compra\/","title":{"rendered":"Riesgos fiscales del alquiler con opci\u00f3n a compra de edificios: claves de la consulta"},"content":{"rendered":"\n<div class=\"et_pb_section_0 et_pb_section et_section_regular et_block_section\"><div class=\"et_pb_row_0 et_pb_row et_block_row\"><div class=\"et_pb_column_0 et_pb_column et_pb_column_4_4 et-last-child et_block_column et_pb_css_mix_blend_mode_passthrough\"><div class=\"et_pb_text_0 et_pb_text et_pb_bg_layout_light et_pb_module et_block_module\"><div class=\"et_pb_text_inner\"><p>En los \u00faltimos tiempos se ven cada vez m\u00e1s operaciones inmobiliarias montadas como <a href=\"\/es\/administracion-de-alquileres-eixample\/\"><strong>alquiler con opci\u00f3n a compra<\/strong><\/a>, sobre todo cuando hablamos de <strong>edificios completos<\/strong> o inmuebles pensados para actividad econ\u00f3mica. Sobre el papel, suena c\u00f3modo: se usa el inmueble, se pagan cuotas durante unos a\u00f1os y, si todo encaja, se compra descontando lo pagado.<\/p>\n<p>El \u201cpero\u201d aparece cuando <strong>Hacienda<\/strong> interpreta que esa compra est\u00e1 pr\u00e1cticamente decidida desde el minuto uno. En ese momento, lo que se firm\u00f3 como \u201calquiler\u201d puede empezar a tratarse como <strong>financiaci\u00f3n encubierta<\/strong> (y la factura fiscal cambia bastante). Esto es justo lo que pone el foco en la <strong>consulta vinculante V1557-25<\/strong>.<\/p>\n<\/div><\/div><div class=\"et_pb_text_1 et_pb_text et_pb_bg_layout_light et_pb_module et_block_module\"><div class=\"et_pb_text_inner\"><div id=\"ez-toc-container\" class=\"ez-toc-v2_0_87 counter-hierarchy ez-toc-counter ez-toc-grey ez-toc-container-direction\">\n<div class=\"ez-toc-title-container\">\n<p class=\"ez-toc-title\" style=\"cursor:inherit\">Table of contents<\/p>\n<span class=\"ez-toc-title-toggle\"><a href=\"#\" class=\"ez-toc-pull-right ez-toc-btn ez-toc-btn-xs ez-toc-btn-default ez-toc-toggle\" aria-label=\"Alternar tabla de contenidos\"><span class=\"ez-toc-js-icon-con\"><span class=\"\"><span class=\"eztoc-hide\" style=\"display:none;\">Toggle<\/span><span class=\"ez-toc-icon-toggle-span\"><svg style=\"fill: #999;color:#999\" xmlns=\"http:\/\/www.w3.org\/2000\/svg\" class=\"list-377408\" width=\"20px\" height=\"20px\" viewBox=\"0 0 24 24\" fill=\"none\"><path d=\"M6 6H4v2h2V6zm14 0H8v2h12V6zM4 11h2v2H4v-2zm16 0H8v2h12v-2zM4 16h2v2H4v-2zm16 0H8v2h12v-2z\" fill=\"currentColor\"><\/path><\/svg><svg style=\"fill: #999;color:#999\" class=\"arrow-unsorted-368013\" xmlns=\"http:\/\/www.w3.org\/2000\/svg\" width=\"10px\" height=\"10px\" viewBox=\"0 0 24 24\" version=\"1.2\" baseProfile=\"tiny\"><path d=\"M18.2 9.3l-6.2-6.3-6.2 6.3c-.2.2-.3.4-.3.7s.1.5.3.7c.2.2.4.3.7.3h11c.3 0 .5-.1.7-.3.2-.2.3-.5.3-.7s-.1-.5-.3-.7zM5.8 14.7l6.2 6.3 6.2-6.3c.2-.2.3-.5.3-.7s-.1-.5-.3-.7c-.2-.2-.4-.3-.7-.3h-11c-.3 0-.5.1-.7.3-.2.2-.3.5-.3.7s.1.5.3.7z\"\/><\/svg><\/span><\/span><\/span><\/a><\/span><\/div>\n<nav><ul class='ez-toc-list ez-toc-list-level-1 eztoc-toggle-hide-by-default' ><li class='ez-toc-page-1 ez-toc-heading-level-2'><a class=\"ez-toc-link ez-toc-heading-1\" href=\"https:\/\/www.solfinc.com\/es\/blog\/riesgos-fiscales-alquiler-opcion-compra\/#gestiona-tu-alquiler-con-opcion-a-compra-con-seguridad-y-respaldo-experto\" >Gestiona tu alquiler con opci\u00f3n a compra con seguridad y respaldo experto<\/a><ul class='ez-toc-list-level-3' ><li class='ez-toc-heading-level-3'><a class=\"ez-toc-link ez-toc-heading-2\" href=\"https:\/\/www.solfinc.com\/es\/blog\/riesgos-fiscales-alquiler-opcion-compra\/#protege-tu-inversion-con-una-gestion-profesional-del-alquiler\" >Protege tu inversi\u00f3n con una gesti\u00f3n profesional del alquiler<\/a><\/li><\/ul><\/li><li class='ez-toc-page-1 ez-toc-heading-level-2'><a class=\"ez-toc-link ez-toc-heading-3\" href=\"https:\/\/www.solfinc.com\/es\/blog\/riesgos-fiscales-alquiler-opcion-compra\/#que-dice-la-consulta-v1557-25-y-por-que-es-tan-relevante\" >Qu\u00e9 dice la consulta V1557-25 y por qu\u00e9 es tan relevante<\/a><\/li><li class='ez-toc-page-1 ez-toc-heading-level-2'><a class=\"ez-toc-link ez-toc-heading-4\" href=\"https:\/\/www.solfinc.com\/es\/blog\/riesgos-fiscales-alquiler-opcion-compra\/#criterios-para-calificar-la-operacion-como-arrendamiento-financiero\" >Criterios para calificar la operaci\u00f3n como arrendamiento financiero<\/a><\/li><li class='ez-toc-page-1 ez-toc-heading-level-2'><a class=\"ez-toc-link ez-toc-heading-5\" href=\"https:\/\/www.solfinc.com\/es\/blog\/riesgos-fiscales-alquiler-opcion-compra\/#que-cambia-en-contabilidad-y-por-que-eso-acaba-afectando-al-impuesto\" >Qu\u00e9 cambia en contabilidad (y por qu\u00e9 eso acaba afectando al impuesto)<\/a><\/li><li class='ez-toc-page-1 ez-toc-heading-level-2'><a class=\"ez-toc-link ez-toc-heading-6\" href=\"https:\/\/www.solfinc.com\/es\/blog\/riesgos-fiscales-alquiler-opcion-compra\/#impuesto-sobre-sociedades-por-que-no-se-deduce-la-cuota-completa\" >Impuesto sobre Sociedades: por qu\u00e9 no se deduce la cuota completa<\/a><\/li><li class='ez-toc-page-1 ez-toc-heading-level-2'><a class=\"ez-toc-link ez-toc-heading-7\" href=\"https:\/\/www.solfinc.com\/es\/blog\/riesgos-fiscales-alquiler-opcion-compra\/#amortizacion-del-edificio-el-famoso-2-y-el-matiz-del-suelo\" >Amortizaci\u00f3n del edificio: el famoso 2% y el matiz del suelo<\/a><\/li><li class='ez-toc-page-1 ez-toc-heading-level-2'><a class=\"ez-toc-link ez-toc-heading-8\" href=\"https:\/\/www.solfinc.com\/es\/blog\/riesgos-fiscales-alquiler-opcion-compra\/#ejemplo-real-el-caso-que-analiza-la-dgt\" >Ejemplo real: el caso que analiza la DGT<\/a><\/li><li class='ez-toc-page-1 ez-toc-heading-level-2'><a class=\"ez-toc-link ez-toc-heading-9\" href=\"https:\/\/www.solfinc.com\/es\/blog\/riesgos-fiscales-alquiler-opcion-compra\/#que-revisar-antes-de-firmar-un-alquiler-con-opcion-a-compra-en-barcelona\" >Qu\u00e9 revisar antes de firmar un alquiler con opci\u00f3n a compra en Barcelona<\/a><ul class='ez-toc-list-level-3' ><li class='ez-toc-heading-level-3'><a class=\"ez-toc-link ez-toc-heading-10\" href=\"https:\/\/www.solfinc.com\/es\/blog\/riesgos-fiscales-alquiler-opcion-compra\/#%c2%bfla-opcion-es-realmente-opcional\" >\u00bfLa opci\u00f3n es realmente opcional?<\/a><\/li><li class='ez-toc-page-1 ez-toc-heading-level-3'><a class=\"ez-toc-link ez-toc-heading-11\" href=\"https:\/\/www.solfinc.com\/es\/blog\/riesgos-fiscales-alquiler-opcion-compra\/#%c2%bfcomo-se-imputan-las-cuotas\" >\u00bfC\u00f3mo se imputan las cuotas?<\/a><\/li><li class='ez-toc-page-1 ez-toc-heading-level-3'><a class=\"ez-toc-link ez-toc-heading-12\" href=\"https:\/\/www.solfinc.com\/es\/blog\/riesgos-fiscales-alquiler-opcion-compra\/#tratamiento-contable-previsto\" >Tratamiento contable previsto<\/a><\/li><li class='ez-toc-page-1 ez-toc-heading-level-3'><a class=\"ez-toc-link ez-toc-heading-13\" href=\"https:\/\/www.solfinc.com\/es\/blog\/riesgos-fiscales-alquiler-opcion-compra\/#deducibilidad-de-intereses\" >Deducibilidad de intereses<\/a><\/li><li class='ez-toc-page-1 ez-toc-heading-level-3'><a class=\"ez-toc-link ez-toc-heading-14\" href=\"https:\/\/www.solfinc.com\/es\/blog\/riesgos-fiscales-alquiler-opcion-compra\/#amortizacion-y-desglose-sueloconstruccion\" >Amortizaci\u00f3n y desglose suelo\/construcci\u00f3n<\/a><\/li><\/ul><\/li><\/ul><\/nav><\/div>\n<h2><span class=\"ez-toc-section\" id=\"gestiona-tu-alquiler-con-opcion-a-compra-con-seguridad-y-respaldo-experto\"><\/span>Gestiona tu alquiler con opci\u00f3n a compra con seguridad y respaldo experto<span class=\"ez-toc-section-end\"><\/span><\/h2>\n<\/div><\/div><\/div><\/div><div class=\"et_pb_row_1 et_pb_row et_pb_equal_columns et_block_row et_clickable\"><div class=\"et_pb_column_1 et_pb_column et_pb_column_3_5 et_block_column et_pb_css_mix_blend_mode_passthrough\"><div class=\"et_pb_text_2 et_pb_text et_pb_bg_layout_light et_pb_module et_block_module\"><div class=\"et_pb_text_inner\"><h3><span class=\"ez-toc-section\" id=\"protege-tu-inversion-con-una-gestion-profesional-del-alquiler\"><\/span>Protege tu inversi\u00f3n con una gesti\u00f3n profesional del alquiler<span class=\"ez-toc-section-end\"><\/span><\/h3>\n<\/div><\/div><div class=\"et_pb_text_3 et_pb_text et_pb_bg_layout_light et_pb_module et_block_module et_pb_text_align_center\"><div class=\"et_pb_text_inner\"><p>Analizamos cada operaci\u00f3n para minimizar riesgos y maximizar tranquilidad.<\/p>\n<\/div><\/div><div class=\"et_pb_module et_pb_button_module_wrapper et_pb_button_0_wrapper\"><a class=\"et_pb_button_0 et_pb_button et_pb_bg_layout_light et_pb_module et_block_module\" href=\"\/es\/administracion-de-alquileres-eixample\/\">Ver gesti\u00f3n de alquileres<\/a><\/div><\/div><div class=\"et_pb_column_2 et_pb_column et_pb_column_2_5 et-last-child et_block_column et_pb_css_mix_blend_mode_passthrough\"><div class=\"et_pb_image_0 et_pb_image et_pb_module et_block_module\"><span class=\"et_pb_image_wrap\"><img decoding=\"async\" src=\"https:\/\/www.solfinc.com\/wp-content\/uploads\/2025\/12\/decreto-impagos-alquiler.jpg\" width=\"1000\" height=\"668\" srcset=\"https:\/\/www.solfinc.com\/wp-content\/uploads\/2025\/12\/decreto-impagos-alquiler.jpg 1000w, https:\/\/www.solfinc.com\/wp-content\/uploads\/2025\/12\/decreto-impagos-alquiler-980x655.jpg 980w, https:\/\/www.solfinc.com\/wp-content\/uploads\/2025\/12\/decreto-impagos-alquiler-480x321.jpg 480w\" sizes=\"(min-width: 0px) and (max-width: 480px) 480px, (min-width: 481px) and (max-width: 980px) 980px, (min-width: 981px) 1000px, 100vw\" class=\"wp-image-232425\" alt=\"Decreto impagos alquiler\" title=\"Decreto impagos alquiler\" \/><\/span><\/div><\/div><\/div><div class=\"et_pb_row_2 et_pb_row et_block_row\"><div class=\"et_pb_column_3 et_pb_column et_pb_column_4_4 et-last-child et_block_column et_pb_css_mix_blend_mode_passthrough\"><div class=\"et_pb_text_4 et_pb_text et_pb_bg_layout_light et_pb_module et_block_module\"><div class=\"et_pb_text_inner\"><h2><span class=\"ez-toc-section\" id=\"que-dice-la-consulta-v1557-25-y-por-que-es-tan-relevante\"><\/span>Qu\u00e9 dice la consulta V1557-25 y por qu\u00e9 es tan relevante<span class=\"ez-toc-section-end\"><\/span><\/h2>\n<p>La <strong>Direcci\u00f3n General de Tributos (DGT)<\/strong> analiza un caso muy concreto: un contrato de alquiler con opci\u00f3n de compra de un edificio, con un plazo de cinco a\u00f1os para ejercer la opci\u00f3n, y con una idea clave: <strong>no existen dudas razonables<\/strong> de que la opci\u00f3n se ejecutar\u00e1.<\/p>\n<p>Cuando se da esa circunstancia, la DGT remite a la norma contable: si, por las condiciones econ\u00f3micas, se transfieren \u201csustancialmente\u201d los riesgos y beneficios de la propiedad, se est\u00e1 ante un <strong>arrendamiento financiero<\/strong>. En contratos con opci\u00f3n de compra, esa transferencia se presume cuando no hay dudas razonables de ejercicio.<\/p>\n<p>Dicho de forma sencilla: aunque el contrato ponga \u201carrendamiento\u201d, Hacienda puede decir \u201cesto se parece m\u00e1s a una compra financiada\u201d.<\/p>\n<\/div><\/div><\/div><\/div><div class=\"et_pb_row_3 et_pb_row et_pb_equal_columns et_block_row\"><div class=\"et_pb_column_4 et_pb_column et_pb_column_3_5 et_block_column et_pb_css_mix_blend_mode_passthrough\"><div class=\"et_pb_text_5 et_pb_text et_pb_bg_layout_light et_pb_module et_block_module\"><div class=\"et_pb_text_inner\"><h2><span class=\"ez-toc-section\" id=\"criterios-para-calificar-la-operacion-como-arrendamiento-financiero\"><\/span>Criterios para calificar la operaci\u00f3n como arrendamiento financiero<span class=\"ez-toc-section-end\"><\/span><\/h2>\n<p>Aqu\u00ed es donde conviene hacerse una pregunta: \u00bfla opci\u00f3n de compra es una opci\u00f3n real\u2026 o es un \u201cfinal inevitable\u201d escrito entre l\u00edneas?<\/p>\n<p>En la consulta se se\u00f1ala un indicador clar\u00edsimo: si el <strong>precio final<\/strong> descuenta (o pr\u00e1cticamente descuenta) todas las cuotas y la opci\u00f3n es muy clara, el <strong>riesgo fiscal<\/strong> sube.<\/p>\n<p>En la pr\u00e1ctica, estas se\u00f1ales suelen levantar la ceja de la Administraci\u00f3n:<\/p>\n<ul>\n<li><strong>Cuotas<\/strong> que se imputan de forma directa al precio de compra.<\/li>\n<li>Un dise\u00f1o de contrato donde la compra parece la salida l\u00f3gica y casi \u00fanica.<\/li>\n<li>Opci\u00f3n de compra pensada para ejercerse s\u00ed o s\u00ed (por estructura o por incentivos).<\/li>\n<\/ul>\n<p>Curiosidad importante: el nombre del contrato importa menos de lo que se cree. Lo que pesa es la sustancia econ\u00f3mica de la operaci\u00f3n.<\/p>\n<\/div><\/div><div class=\"et_pb_image_1 et_pb_image et_pb_module et_block_module\"><span class=\"et_pb_image_wrap\"><img decoding=\"async\" src=\"https:\/\/www.solfinc.com\/wp-content\/uploads\/2026\/02\/arrendamiento-financiero.jpg\" width=\"800\" height=\"450\" srcset=\"https:\/\/www.solfinc.com\/wp-content\/uploads\/2026\/02\/arrendamiento-financiero.jpg 800w, https:\/\/www.solfinc.com\/wp-content\/uploads\/2026\/02\/arrendamiento-financiero-480x270.jpg 480w\" sizes=\"(min-width: 0px) and (max-width: 480px) 480px, (min-width: 481px) 800px, 100vw\" class=\"wp-image-234978\" alt=\"Arrendamiento financiero\" title=\"Arrendamiento financiero\" \/><\/span><\/div><\/div><div class=\"et_pb_column_5 et_pb_column et_pb_column_2_5 et-last-child et_block_column et_pb_column_empty et_pb_css_mix_blend_mode_passthrough\"><\/div><\/div><div class=\"et_pb_row_4 et_pb_row et_block_row\"><div class=\"et_pb_column_6 et_pb_column et_pb_column_4_4 et-last-child et_block_column et_pb_css_mix_blend_mode_passthrough\"><div class=\"et_pb_text_6 et_pb_text et_pb_bg_layout_light et_pb_module et_block_module\"><div class=\"et_pb_text_inner\"><h2><span class=\"ez-toc-section\" id=\"que-cambia-en-contabilidad-y-por-que-eso-acaba-afectando-al-impuesto\"><\/span>Qu\u00e9 cambia en contabilidad (y por qu\u00e9 eso acaba afectando al impuesto)<span class=\"ez-toc-section-end\"><\/span><\/h2>\n<p>Cuando la operaci\u00f3n se califica como <strong>arrendamiento financiero<\/strong>, el tratamiento contable cambia de pantalla:<\/p>\n<ul>\n<li>En vez de registrar un gasto por \u201calquiler\u201d mes a mes, el arrendatario reconoce un <strong>activo<\/strong> (el edificio) y un <strong>pasivo financiero<\/strong> (la deuda asociada).<\/li>\n<li>Las cuotas dejan de ser \u201cun gasto de alquiler\u201d y se descomponen, a grandes rasgos, en:\n<ul>\n<li><strong>Carga financiera<\/strong> (intereses), que s\u00ed va a resultados.<\/li>\n<li><strong>Amortizaci\u00f3n de deuda<\/strong> (devoluci\u00f3n de principal), que no es gasto fiscal por el hecho de pagarlo. Este punto es el que suele dar problemas: seguir contabilizando y deduciendo como si fuera un alquiler normal cuando, por criterios contables, ya no lo es, puede derivar en regularizaciones.el que suele dar problemas: seguir contabilizando y deduciendo como si fuera un alquiler normal cuando, por criterios contables, ya no lo es, puede derivar en regularizaciones.<\/li>\n<\/ul>\n<\/li>\n<\/ul>\n<\/div><\/div><\/div><\/div><div class=\"et_pb_row_5 et_pb_row et_pb_equal_columns et_block_row\"><div class=\"et_pb_column_7 et_pb_column et_pb_column_3_5 et_block_column et_pb_css_mix_blend_mode_passthrough\"><div class=\"et_pb_text_7 et_pb_text et_pb_bg_layout_light et_pb_module et_block_module\"><div class=\"et_pb_text_inner\"><h2><span class=\"ez-toc-section\" id=\"impuesto-sobre-sociedades-por-que-no-se-deduce-la-cuota-completa\"><\/span>Impuesto sobre Sociedades: por qu\u00e9 no se deduce la cuota completa<span class=\"ez-toc-section-end\"><\/span><\/h2>\n<p>Aqu\u00ed est\u00e1 el nudo de la noticia: si Hacienda (y contabilidad) lo tratan como arrendamiento financiero, no se deduce la cuota entera como si fuera un alquiler operativo.<\/p>\n<p>Cuando el contrato se considera financiero, <strong>no se deduce la cuota completa<\/strong>; normalmente ser\u00e1n deducibles <strong>los gastos financieros<\/strong> (con l\u00edmites) y la amortizaci\u00f3n del edificio seg\u00fan reglas fiscales.<\/p>\n<p>Y aqu\u00ed aparece otro punto que conviene tener en el radar: la deducibilidad de <strong>gastos financieros netos<\/strong> est\u00e1 limitada en la Ley del Impuesto sobre Sociedades. En t\u00e9rminos generales, el l\u00edmite es el 30% del beneficio operativo, con un m\u00ednimo deducible de <strong>1 mill\u00f3n de euros<\/strong> por periodo impositivo.<\/p>\n<p>\u00bfSe entiende el impacto? Si alguien proyect\u00f3 \u201cvoy a deducir toda la cuota como alquiler durante cinco a\u00f1os\u201d, ese plan puede romperse si se recalifica.<\/p>\n<\/div><\/div><div class=\"et_pb_image_2 et_pb_image et_pb_module et_block_module\"><span class=\"et_pb_image_wrap\"><img decoding=\"async\" src=\"https:\/\/www.solfinc.com\/wp-content\/uploads\/2026\/02\/impuesto-sociedades.jpg\" width=\"800\" height=\"533\" srcset=\"https:\/\/www.solfinc.com\/wp-content\/uploads\/2026\/02\/impuesto-sociedades.jpg 800w, https:\/\/www.solfinc.com\/wp-content\/uploads\/2026\/02\/impuesto-sociedades-480x320.jpg 480w\" sizes=\"(min-width: 0px) and (max-width: 480px) 480px, (min-width: 481px) 800px, 100vw\" class=\"wp-image-234983\" alt=\"Impuesto sobre sociedades\" title=\"Impuesto sobre sociedades\" \/><\/span><\/div><\/div><div class=\"et_pb_column_8 et_pb_column et_pb_column_2_5 et-last-child et_block_column et_pb_column_empty et_pb_css_mix_blend_mode_passthrough\"><\/div><\/div><div class=\"et_pb_row_6 et_pb_row et_block_row\"><div class=\"et_pb_column_9 et_pb_column et_pb_column_4_4 et-last-child et_block_column et_pb_css_mix_blend_mode_passthrough\"><div class=\"et_pb_text_8 et_pb_text et_pb_bg_layout_light et_pb_module et_block_module\"><div class=\"et_pb_text_inner\"><h2><span class=\"ez-toc-section\" id=\"amortizacion-del-edificio-el-famoso-2-y-el-matiz-del-suelo\"><\/span>Amortizaci\u00f3n del edificio: el famoso 2% y el matiz del suelo<span class=\"ez-toc-section-end\"><\/span><\/h2>\n<p>En el caso analizado por la DGT, una de las preguntas era si, ejercida la opci\u00f3n, se amortiza \u201clo que queda\u201d al <strong>2%<\/strong> seg\u00fan tablas. La respuesta va de la mano de la l\u00f3gica contable y fiscal: si ya se reconoce el edificio como activo desde el inicio (por ser financiero), la amortizaci\u00f3n se plantea desde ese momento, no como si la compra empezara al final.<\/p>\n<p>Sobre el 2%: en las tablas habituales de amortizaci\u00f3n, la <strong>construcci\u00f3n<\/strong> (edificios, viviendas, locales\u2026) suele moverse en coeficientes como el 2% anual (horizonte largo).<\/p>\n<p>Y ojo a un detalle que suele pasar desapercibido: <strong>el suelo no se amortiza<\/strong>. En amortizaci\u00f3n, se amortiza la construcci\u00f3n y, si aplica, partes significativas con vidas \u00fatiles distintas.<\/p>\n<\/div><\/div><div class=\"et_pb_testimonial_0 et_pb_testimonial et_pb_testimonial_no_image et_pb_bg_layout_light et_pb_module et_block_module\"><div class=\"et_pb_testimonial_inner\"><div class=\"et_pb_testimonial_description\"><div class=\"et_pb_testimonial_description_inner\"><div class=\"et_pb_testimonial_content\"><h2><span class=\"ez-toc-section\" id=\"ejemplo-real-el-caso-que-analiza-la-dgt\"><\/span>Ejemplo real: el caso que analiza la DGT<span class=\"ez-toc-section-end\"><\/span><\/h2>\n<p>Para aterrizarlo, el caso descrito en la <strong>consulta V1557-25<\/strong> es muy gr\u00e1fico: la consultante firma un alquiler con opci\u00f3n de compra de un edificio con local en planta baja y dos viviendas (primera y segunda planta). Se fija un plazo de cinco a\u00f1os para ejercitar la opci\u00f3n y se indica expresamente que <strong>no hay dudas razonables<\/strong> de que se ejercitar\u00e1; cuando se ejerza, se descuenta del precio tanto lo pagado por la opci\u00f3n como las cuotas del alquiler.<\/p>\n<p>Con esa foto, la DGT lo encuadra como <strong>arrendamiento financiero<\/strong>: se reconoce el inmueble como activo, se reconoce un pasivo por el valor correspondiente y la carga financiera se va llevando a resultados.<\/p>\n<p>Es un ejemplo muy real porque mezcla justo lo que se ve en mercado: pagos peri\u00f3dicos + descuento total al final + opci\u00f3n que, en la pr\u00e1ctica, est\u00e1 decidida.<\/p>\n<\/div><\/div><div class=\"et_pb_testimonial_meta\"><\/div><\/div><\/div><\/div><div class=\"et_pb_text_9 et_pb_text et_pb_bg_layout_light et_pb_module et_block_module\"><div class=\"et_pb_text_inner\"><h2><span class=\"ez-toc-section\" id=\"que-revisar-antes-de-firmar-un-alquiler-con-opcion-a-compra-en-barcelona\"><\/span>Qu\u00e9 revisar antes de firmar un alquiler con opci\u00f3n a compra en Barcelona<span class=\"ez-toc-section-end\"><\/span><\/h2>\n<p>En una ciudad como <strong>Barcelona<\/strong>, donde muchas operaciones se plantean con f\u00f3rmulas flexibles (especialmente en inversiones y edificios), este tipo de contrato puede ser \u00fatil. La clave es firmarlo con los ojos abiertos.<\/p>\n<p>Checklist r\u00e1pido que suele evitar problemas:<\/p>\n<\/div><\/div><div class=\"et_pb_toggle_0 et_pb_toggle et_pb_toggle_item et_pb_toggle_close et_pb_module et_block_module\"><h3 class=\"et_pb_toggle_title\"><span class=\"ez-toc-section\" id=\"%c2%bfla-opcion-es-realmente-opcional\"><\/span>\u00bfLa opci\u00f3n es realmente opcional?<span class=\"ez-toc-section-end\"><\/span><\/h3><div class=\"et_pb_toggle_content clearfix\"><p>Si todo est\u00e1 dise\u00f1ado para que sea inevitable, el riesgo de arrendamiento financiero sube.<\/p>\n<\/div><\/div><div class=\"et_pb_toggle_1 et_pb_toggle et_pb_toggle_item et_pb_toggle_close et_pb_module et_block_module\"><h3 class=\"et_pb_toggle_title\"><span class=\"ez-toc-section\" id=\"%c2%bfcomo-se-imputan-las-cuotas\"><\/span>\u00bfC\u00f3mo se imputan las cuotas?<span class=\"ez-toc-section-end\"><\/span><\/h3><div class=\"et_pb_toggle_content clearfix\"><p>Si las cuotas se descuentan \u00edntegramente del precio, hay que analizar con lupa el encaje fiscal.<\/p>\n<\/div><\/div><div class=\"et_pb_toggle_2 et_pb_toggle et_pb_toggle_item et_pb_toggle_close et_pb_module et_block_module\"><h3 class=\"et_pb_toggle_title\"><span class=\"ez-toc-section\" id=\"tratamiento-contable-previsto\"><\/span>Tratamiento contable previsto<span class=\"ez-toc-section-end\"><\/span><\/h3><div class=\"et_pb_toggle_content clearfix\"><p>\u00bfSe va a registrar como gasto de alquiler o como activo + pasivo? Si esto se plantea mal, suele arrastrar ajustes.<\/p>\n<\/div><\/div><div class=\"et_pb_toggle_3 et_pb_toggle et_pb_toggle_item et_pb_toggle_close et_pb_module et_block_module\"><h3 class=\"et_pb_toggle_title\"><span class=\"ez-toc-section\" id=\"deducibilidad-de-intereses\"><\/span>Deducibilidad de intereses<span class=\"ez-toc-section-end\"><\/span><\/h3><div class=\"et_pb_toggle_content clearfix\"><p>Si hay componente financiero, recordar que existe limitaci\u00f3n de deducibilidad de gastos financieros netos.<\/p>\n<\/div><\/div><div class=\"et_pb_toggle_4 et_pb_toggle et_pb_toggle_item et_pb_toggle_close et_pb_module et_block_module\"><h3 class=\"et_pb_toggle_title\"><span class=\"ez-toc-section\" id=\"amortizacion-y-desglose-sueloconstruccion\"><\/span>Amortizaci\u00f3n y desglose suelo\/construcci\u00f3n<span class=\"ez-toc-section-end\"><\/span><\/h3><div class=\"et_pb_toggle_content clearfix\"><p>Si se amortiza construcci\u00f3n, el suelo queda fuera y puede requerir separaci\u00f3n clara desde el inicio.<\/p>\n<\/div><\/div><\/div><\/div><div class=\"et_pb_row_7 et_pb_row et_block_row\"><div class=\"et_pb_column_10 et_pb_column et_pb_column_4_4 et-last-child et_block_column et_pb_css_mix_blend_mode_passthrough\"><div class=\"et_pb_text_10 et_pb_text et_pb_bg_layout_light et_pb_module et_block_module\"><div class=\"et_pb_text_inner\"><p><span style=\"color: #333333; font-family: 'DM Sans', Helvetica, Arial, Lucida, sans-serif; font-size: 26px;\">Opini\u00f3n de Solfinc: en estas operaciones, llegar tarde suele ser el verdadero error<\/span><\/p>\n<p>En opini\u00f3n de <strong>Solfinc<\/strong>, este tema es un buen recordatorio de algo muy inmobiliario: lo que parece \u201csimple\u201d en un contrato puede tener un impacto fiscal que se nota durante a\u00f1os.<\/p>\n<p>Una situaci\u00f3n bastante t\u00edpica (sin entrar en casos concretos ni cifras) es la del propietario o inversor que proyecta rentabilidades contando con deducir \u201ccuotas de alquiler\u201d tal cual, y cuando se revisa el contrato con calma aparece el matiz: si se considera <strong>arrendamiento financiero<\/strong>, el esquema cambia y el plan de deducciones tambi\u00e9n.<\/p>\n<p>Si se est\u00e1 valorando un <strong>alquiler con opci\u00f3n a compra<\/strong> de un edificio, lo razonable es revisar el contrato antes de firmar o, si ya est\u00e1 firmado, revisarlo antes de seguir tomando decisiones contables y fiscales que luego cueste corregir.<\/p>\n<\/div><\/div><\/div><\/div><\/div>\n","protected":false},"excerpt":{"rendered":"","protected":false},"author":11,"featured_media":234967,"comment_status":"closed","ping_status":"closed","sticky":false,"template":"","format":"standard","meta":{"inline_featured_image":false,"footnotes":""},"categories":[370,396,6,1],"tags":[],"class_list":["post-234966","post","type-post","status-publish","format-standard","has-post-thumbnail","hentry","category-alquiler","category-destacadas","category-inmobiliaria","category-ultimas-entradas"],"yoast_head":"<!-- This site is optimized with the Yoast SEO Premium plugin v28.1 (Yoast SEO v28.3) - https:\/\/yoast.com\/product\/yoast-seo-premium-wordpress\/ -->\n<title>Riesgos fiscales del alquiler con opci\u00f3n a compra de edificios: claves de la consulta | Grup Solfinc<\/title>\n<meta name=\"description\" content=\"Riesgos fiscales del alquiler con opci\u00f3n a compra: qu\u00e9 implica la consulta V1557-25, c\u00f3mo afecta al Impuesto sobre Sociedades y claves para evitar sustos en Barcelona.\" \/>\n<meta name=\"robots\" content=\"index, follow, max-snippet:-1, max-image-preview:large, max-video-preview:-1\" \/>\n<link rel=\"canonical\" href=\"https:\/\/www.solfinc.com\/es\/blog\/riesgos-fiscales-alquiler-opcion-compra\/\" \/>\n<meta property=\"og:locale\" content=\"es_ES\" \/>\n<meta property=\"og:type\" content=\"article\" \/>\n<meta property=\"og:title\" content=\"Riesgos fiscales del alquiler con opci\u00f3n a compra de edificios: claves de la consulta\" \/>\n<meta property=\"og:url\" content=\"https:\/\/www.solfinc.com\/es\/blog\/riesgos-fiscales-alquiler-opcion-compra\/\" \/>\n<meta property=\"og:site_name\" content=\"Grup Solfinc\" \/>\n<meta property=\"article:publisher\" content=\"https:\/\/www.facebook.com\/GrupSolfinc\" \/>\n<meta property=\"article:published_time\" content=\"2026-03-09T09:00:40+00:00\" \/>\n<meta property=\"article:modified_time\" content=\"2026-08-17T11:50:38+00:00\" \/>\n<meta property=\"og:image\" content=\"https:\/\/www.solfinc.com\/wp-content\/uploads\/2026\/02\/alquiler-opcion-compra.jpg\" \/>\n\t<meta property=\"og:image:width\" content=\"1300\" \/>\n\t<meta property=\"og:image:height\" content=\"350\" \/>\n\t<meta property=\"og:image:type\" content=\"image\/jpeg\" \/>\n<meta name=\"author\" content=\"Contenido\" \/>\n<meta name=\"twitter:card\" content=\"summary_large_image\" \/>\n<meta name=\"twitter:creator\" content=\"@grupsolfinc\" \/>\n<meta name=\"twitter:site\" content=\"@grupsolfinc\" \/>\n<meta name=\"twitter:label1\" content=\"Escrito por\" \/>\n\t<meta name=\"twitter:data1\" content=\"Contenido\" \/>\n\t<meta name=\"twitter:label2\" content=\"Tiempo de lectura\" \/>\n\t<meta name=\"twitter:data2\" content=\"7 minutos\" \/>\n<script type=\"application\/ld+json\" class=\"yoast-schema-graph\">{\"@context\":\"https:\\\/\\\/schema.org\",\"@graph\":[{\"@type\":\"Article\",\"@id\":\"https:\\\/\\\/www.solfinc.com\\\/es\\\/blog\\\/riesgos-fiscales-alquiler-opcion-compra\\\/#article\",\"isPartOf\":{\"@id\":\"https:\\\/\\\/www.solfinc.com\\\/es\\\/blog\\\/riesgos-fiscales-alquiler-opcion-compra\\\/\"},\"author\":{\"name\":\"Contenido\",\"@id\":\"https:\\\/\\\/www.solfinc.com\\\/es\\\/#\\\/schema\\\/person\\\/9df4a5cdea829a6844256e78de6850fa\"},\"headline\":\"Riesgos fiscales del alquiler con opci\u00f3n a compra de edificios: claves de la consulta\",\"datePublished\":\"2026-03-09T09:00:40+00:00\",\"dateModified\":\"2026-08-17T11:50:38+00:00\",\"mainEntityOfPage\":{\"@id\":\"https:\\\/\\\/www.solfinc.com\\\/es\\\/blog\\\/riesgos-fiscales-alquiler-opcion-compra\\\/\"},\"wordCount\":15,\"image\":{\"@id\":\"https:\\\/\\\/www.solfinc.com\\\/es\\\/blog\\\/riesgos-fiscales-alquiler-opcion-compra\\\/#primaryimage\"},\"thumbnailUrl\":\"https:\\\/\\\/www.solfinc.com\\\/wp-content\\\/uploads\\\/2026\\\/02\\\/alquiler-opcion-compra.jpg\",\"articleSection\":[\"Alquiler\",\"Destacadas\",\"Inmobiliaria\",\"\u00daltimas entradas\"],\"inLanguage\":\"es\"},{\"@type\":\"WebPage\",\"@id\":\"https:\\\/\\\/www.solfinc.com\\\/es\\\/blog\\\/riesgos-fiscales-alquiler-opcion-compra\\\/\",\"url\":\"https:\\\/\\\/www.solfinc.com\\\/es\\\/blog\\\/riesgos-fiscales-alquiler-opcion-compra\\\/\",\"name\":\"Riesgos fiscales del alquiler con opci\u00f3n a compra de edificios: claves de la consulta | Grup Solfinc\",\"isPartOf\":{\"@id\":\"https:\\\/\\\/www.solfinc.com\\\/es\\\/#website\"},\"primaryImageOfPage\":{\"@id\":\"https:\\\/\\\/www.solfinc.com\\\/es\\\/blog\\\/riesgos-fiscales-alquiler-opcion-compra\\\/#primaryimage\"},\"image\":{\"@id\":\"https:\\\/\\\/www.solfinc.com\\\/es\\\/blog\\\/riesgos-fiscales-alquiler-opcion-compra\\\/#primaryimage\"},\"thumbnailUrl\":\"https:\\\/\\\/www.solfinc.com\\\/wp-content\\\/uploads\\\/2026\\\/02\\\/alquiler-opcion-compra.jpg\",\"datePublished\":\"2026-03-09T09:00:40+00:00\",\"dateModified\":\"2026-08-17T11:50:38+00:00\",\"author\":{\"@id\":\"https:\\\/\\\/www.solfinc.com\\\/es\\\/#\\\/schema\\\/person\\\/9df4a5cdea829a6844256e78de6850fa\"},\"description\":\"Riesgos fiscales del alquiler con opci\u00f3n a compra: qu\u00e9 implica la consulta V1557-25, c\u00f3mo afecta al Impuesto sobre Sociedades y claves para evitar sustos en Barcelona.\",\"breadcrumb\":{\"@id\":\"https:\\\/\\\/www.solfinc.com\\\/es\\\/blog\\\/riesgos-fiscales-alquiler-opcion-compra\\\/#breadcrumb\"},\"inLanguage\":\"es\",\"potentialAction\":[{\"@type\":\"ReadAction\",\"target\":[\"https:\\\/\\\/www.solfinc.com\\\/es\\\/blog\\\/riesgos-fiscales-alquiler-opcion-compra\\\/\"]}]},{\"@type\":\"ImageObject\",\"inLanguage\":\"es\",\"@id\":\"https:\\\/\\\/www.solfinc.com\\\/es\\\/blog\\\/riesgos-fiscales-alquiler-opcion-compra\\\/#primaryimage\",\"url\":\"https:\\\/\\\/www.solfinc.com\\\/wp-content\\\/uploads\\\/2026\\\/02\\\/alquiler-opcion-compra.jpg\",\"contentUrl\":\"https:\\\/\\\/www.solfinc.com\\\/wp-content\\\/uploads\\\/2026\\\/02\\\/alquiler-opcion-compra.jpg\",\"width\":1300,\"height\":350,\"caption\":\"Alquiler con opci\u00f3n a compra\"},{\"@type\":\"BreadcrumbList\",\"@id\":\"https:\\\/\\\/www.solfinc.com\\\/es\\\/blog\\\/riesgos-fiscales-alquiler-opcion-compra\\\/#breadcrumb\",\"itemListElement\":[{\"@type\":\"ListItem\",\"position\":1,\"name\":\"Inicio\",\"item\":\"https:\\\/\\\/www.solfinc.com\\\/es\\\/\"},{\"@type\":\"ListItem\",\"position\":2,\"name\":\"Alquiler\",\"item\":\"https:\\\/\\\/www.solfinc.com\\\/es\\\/category\\\/alquiler\\\/\"},{\"@type\":\"ListItem\",\"position\":3,\"name\":\"Riesgos fiscales del alquiler con opci\u00f3n a compra de edificios: claves de la consulta\"}]},{\"@type\":\"WebSite\",\"@id\":\"https:\\\/\\\/www.solfinc.com\\\/es\\\/#website\",\"url\":\"https:\\\/\\\/www.solfinc.com\\\/es\\\/\",\"name\":\"Grup Solfinc\",\"description\":\"Administraci\u00f3 de finques a Barcelona\",\"potentialAction\":[{\"@type\":\"SearchAction\",\"target\":{\"@type\":\"EntryPoint\",\"urlTemplate\":\"https:\\\/\\\/www.solfinc.com\\\/es\\\/?s={search_term_string}\"},\"query-input\":{\"@type\":\"PropertyValueSpecification\",\"valueRequired\":true,\"valueName\":\"search_term_string\"}}],\"inLanguage\":\"es\"},{\"@type\":\"Person\",\"@id\":\"https:\\\/\\\/www.solfinc.com\\\/es\\\/#\\\/schema\\\/person\\\/9df4a5cdea829a6844256e78de6850fa\",\"name\":\"Contenido\",\"image\":{\"@type\":\"ImageObject\",\"inLanguage\":\"es\",\"@id\":\"https:\\\/\\\/secure.gravatar.com\\\/avatar\\\/fb5b07fe14b62ac77b4712de5206e82f83c311d45e63c92d1ba644c95abfb891?s=96&d=mm&r=g\",\"url\":\"https:\\\/\\\/secure.gravatar.com\\\/avatar\\\/fb5b07fe14b62ac77b4712de5206e82f83c311d45e63c92d1ba644c95abfb891?s=96&d=mm&r=g\",\"contentUrl\":\"https:\\\/\\\/secure.gravatar.com\\\/avatar\\\/fb5b07fe14b62ac77b4712de5206e82f83c311d45e63c92d1ba644c95abfb891?s=96&d=mm&r=g\",\"caption\":\"Contenido\"}},{\"@type\":\"ImageObject\",\"inLanguage\":\"es\",\"@id\":\"https:\\\/\\\/www.solfinc.com\\\/es\\\/blog\\\/riesgos-fiscales-alquiler-opcion-compra\\\/#local-main-organization-logo\",\"url\":\"\",\"contentUrl\":\"\",\"caption\":\"Solfinc\"}]}<\/script>\n<!-- \/ Yoast SEO Premium plugin. -->","yoast_head_json":{"title":"Riesgos fiscales del alquiler con opci\u00f3n a compra de edificios: claves de la consulta | Grup Solfinc","description":"Riesgos fiscales del alquiler con opci\u00f3n a compra: qu\u00e9 implica la consulta V1557-25, c\u00f3mo afecta al Impuesto sobre Sociedades y claves para evitar sustos en Barcelona.","robots":{"index":"index","follow":"follow","max-snippet":"max-snippet:-1","max-image-preview":"max-image-preview:large","max-video-preview":"max-video-preview:-1"},"canonical":"https:\/\/www.solfinc.com\/es\/blog\/riesgos-fiscales-alquiler-opcion-compra\/","og_locale":"es_ES","og_type":"article","og_title":"Riesgos fiscales del alquiler con opci\u00f3n a compra de edificios: claves de la consulta","og_url":"https:\/\/www.solfinc.com\/es\/blog\/riesgos-fiscales-alquiler-opcion-compra\/","og_site_name":"Grup Solfinc","article_publisher":"https:\/\/www.facebook.com\/GrupSolfinc","article_published_time":"2026-03-09T09:00:40+00:00","article_modified_time":"2026-08-17T11:50:38+00:00","og_image":[{"width":1300,"height":350,"url":"https:\/\/www.solfinc.com\/wp-content\/uploads\/2026\/02\/alquiler-opcion-compra.jpg","type":"image\/jpeg"}],"author":"Contenido","twitter_card":"summary_large_image","twitter_creator":"@grupsolfinc","twitter_site":"@grupsolfinc","twitter_misc":{"Escrito por":"Contenido","Tiempo de lectura":"7 minutos"},"schema":{"@context":"https:\/\/schema.org","@graph":[{"@type":"Article","@id":"https:\/\/www.solfinc.com\/es\/blog\/riesgos-fiscales-alquiler-opcion-compra\/#article","isPartOf":{"@id":"https:\/\/www.solfinc.com\/es\/blog\/riesgos-fiscales-alquiler-opcion-compra\/"},"author":{"name":"Contenido","@id":"https:\/\/www.solfinc.com\/es\/#\/schema\/person\/9df4a5cdea829a6844256e78de6850fa"},"headline":"Riesgos fiscales del alquiler con opci\u00f3n a compra de edificios: claves de la consulta","datePublished":"2026-03-09T09:00:40+00:00","dateModified":"2026-08-17T11:50:38+00:00","mainEntityOfPage":{"@id":"https:\/\/www.solfinc.com\/es\/blog\/riesgos-fiscales-alquiler-opcion-compra\/"},"wordCount":15,"image":{"@id":"https:\/\/www.solfinc.com\/es\/blog\/riesgos-fiscales-alquiler-opcion-compra\/#primaryimage"},"thumbnailUrl":"https:\/\/www.solfinc.com\/wp-content\/uploads\/2026\/02\/alquiler-opcion-compra.jpg","articleSection":["Alquiler","Destacadas","Inmobiliaria","\u00daltimas entradas"],"inLanguage":"es"},{"@type":"WebPage","@id":"https:\/\/www.solfinc.com\/es\/blog\/riesgos-fiscales-alquiler-opcion-compra\/","url":"https:\/\/www.solfinc.com\/es\/blog\/riesgos-fiscales-alquiler-opcion-compra\/","name":"Riesgos fiscales del alquiler con opci\u00f3n a compra de edificios: claves de la consulta | Grup Solfinc","isPartOf":{"@id":"https:\/\/www.solfinc.com\/es\/#website"},"primaryImageOfPage":{"@id":"https:\/\/www.solfinc.com\/es\/blog\/riesgos-fiscales-alquiler-opcion-compra\/#primaryimage"},"image":{"@id":"https:\/\/www.solfinc.com\/es\/blog\/riesgos-fiscales-alquiler-opcion-compra\/#primaryimage"},"thumbnailUrl":"https:\/\/www.solfinc.com\/wp-content\/uploads\/2026\/02\/alquiler-opcion-compra.jpg","datePublished":"2026-03-09T09:00:40+00:00","dateModified":"2026-08-17T11:50:38+00:00","author":{"@id":"https:\/\/www.solfinc.com\/es\/#\/schema\/person\/9df4a5cdea829a6844256e78de6850fa"},"description":"Riesgos fiscales del alquiler con opci\u00f3n a compra: qu\u00e9 implica la consulta V1557-25, c\u00f3mo afecta al Impuesto sobre Sociedades y claves para evitar sustos en Barcelona.","breadcrumb":{"@id":"https:\/\/www.solfinc.com\/es\/blog\/riesgos-fiscales-alquiler-opcion-compra\/#breadcrumb"},"inLanguage":"es","potentialAction":[{"@type":"ReadAction","target":["https:\/\/www.solfinc.com\/es\/blog\/riesgos-fiscales-alquiler-opcion-compra\/"]}]},{"@type":"ImageObject","inLanguage":"es","@id":"https:\/\/www.solfinc.com\/es\/blog\/riesgos-fiscales-alquiler-opcion-compra\/#primaryimage","url":"https:\/\/www.solfinc.com\/wp-content\/uploads\/2026\/02\/alquiler-opcion-compra.jpg","contentUrl":"https:\/\/www.solfinc.com\/wp-content\/uploads\/2026\/02\/alquiler-opcion-compra.jpg","width":1300,"height":350,"caption":"Alquiler con opci\u00f3n a compra"},{"@type":"BreadcrumbList","@id":"https:\/\/www.solfinc.com\/es\/blog\/riesgos-fiscales-alquiler-opcion-compra\/#breadcrumb","itemListElement":[{"@type":"ListItem","position":1,"name":"Inicio","item":"https:\/\/www.solfinc.com\/es\/"},{"@type":"ListItem","position":2,"name":"Alquiler","item":"https:\/\/www.solfinc.com\/es\/category\/alquiler\/"},{"@type":"ListItem","position":3,"name":"Riesgos fiscales del alquiler con opci\u00f3n a compra de edificios: claves de la consulta"}]},{"@type":"WebSite","@id":"https:\/\/www.solfinc.com\/es\/#website","url":"https:\/\/www.solfinc.com\/es\/","name":"Grup Solfinc","description":"Administraci\u00f3 de finques a Barcelona","potentialAction":[{"@type":"SearchAction","target":{"@type":"EntryPoint","urlTemplate":"https:\/\/www.solfinc.com\/es\/?s={search_term_string}"},"query-input":{"@type":"PropertyValueSpecification","valueRequired":true,"valueName":"search_term_string"}}],"inLanguage":"es"},{"@type":"Person","@id":"https:\/\/www.solfinc.com\/es\/#\/schema\/person\/9df4a5cdea829a6844256e78de6850fa","name":"Contenido","image":{"@type":"ImageObject","inLanguage":"es","@id":"https:\/\/secure.gravatar.com\/avatar\/fb5b07fe14b62ac77b4712de5206e82f83c311d45e63c92d1ba644c95abfb891?s=96&d=mm&r=g","url":"https:\/\/secure.gravatar.com\/avatar\/fb5b07fe14b62ac77b4712de5206e82f83c311d45e63c92d1ba644c95abfb891?s=96&d=mm&r=g","contentUrl":"https:\/\/secure.gravatar.com\/avatar\/fb5b07fe14b62ac77b4712de5206e82f83c311d45e63c92d1ba644c95abfb891?s=96&d=mm&r=g","caption":"Contenido"}},{"@type":"ImageObject","inLanguage":"es","@id":"https:\/\/www.solfinc.com\/es\/blog\/riesgos-fiscales-alquiler-opcion-compra\/#local-main-organization-logo","url":"","contentUrl":"","caption":"Solfinc"}]}},"_links":{"self":[{"href":"https:\/\/www.solfinc.com\/es\/wp-json\/wp\/v2\/posts\/234966","targetHints":{"allow":["GET"]}}],"collection":[{"href":"https:\/\/www.solfinc.com\/es\/wp-json\/wp\/v2\/posts"}],"about":[{"href":"https:\/\/www.solfinc.com\/es\/wp-json\/wp\/v2\/types\/post"}],"author":[{"embeddable":true,"href":"https:\/\/www.solfinc.com\/es\/wp-json\/wp\/v2\/users\/11"}],"replies":[{"embeddable":true,"href":"https:\/\/www.solfinc.com\/es\/wp-json\/wp\/v2\/comments?post=234966"}],"version-history":[{"count":0,"href":"https:\/\/www.solfinc.com\/es\/wp-json\/wp\/v2\/posts\/234966\/revisions"}],"wp:featuredmedia":[{"embeddable":true,"href":"https:\/\/www.solfinc.com\/es\/wp-json\/wp\/v2\/media\/234967"}],"wp:attachment":[{"href":"https:\/\/www.solfinc.com\/es\/wp-json\/wp\/v2\/media?parent=234966"}],"wp:term":[{"taxonomy":"category","embeddable":true,"href":"https:\/\/www.solfinc.com\/es\/wp-json\/wp\/v2\/categories?post=234966"},{"taxonomy":"post_tag","embeddable":true,"href":"https:\/\/www.solfinc.com\/es\/wp-json\/wp\/v2\/tags?post=234966"}],"curies":[{"name":"wp","href":"https:\/\/api.w.org\/{rel}","templated":true}]}}