{"id":242635,"date":"2026-07-22T10:00:35","date_gmt":"2026-07-22T08:00:35","guid":{"rendered":"https:\/\/www.solfinc.com\/?p=242635"},"modified":"2026-08-17T13:52:53","modified_gmt":"2026-08-17T11:52:53","slug":"derechos-adquisicion-preferente-cataluna-y-barcelona","status":"publish","type":"post","link":"https:\/\/www.solfinc.com\/es\/blog\/derechos-adquisicion-preferente-cataluna-y-barcelona\/","title":{"rendered":"Derechos de adquisici\u00f3n preferente en Catalu\u00f1a y Barcelona: cu\u00e1ndo puede intervenir la Administraci\u00f3n"},"content":{"rendered":"\n<div class=\"et_pb_section_0 et_pb_section et_section_regular et_block_section\"><div class=\"et_pb_row_0 et_pb_row et_block_row\"><div class=\"et_pb_column_0 et_pb_column et_pb_column_4_4 et-last-child et_block_column et_pb_css_mix_blend_mode_passthrough\"><div class=\"et_pb_text_0 et_pb_text et_pb_bg_layout_light et_pb_module et_block_module\"><div class=\"et_pb_text_inner\"><p>Los <strong>derechos de adquisici\u00f3n preferente en Catalu\u00f1a y Barcelona<\/strong> pueden afectar a determinadas ventas de viviendas, edificios o inmuebles destinados a uso residencial. En algunos casos, la <strong>Generalitat de Catalunya<\/strong> o el <strong>Ajuntament de Barcelona<\/strong> pueden intervenir antes de la venta mediante el <strong>derecho de tanteo<\/strong>, o despu\u00e9s mediante el <strong>derecho de retracto<\/strong>.<\/p>\n<p>No todas las compraventas est\u00e1n sujetas a estos derechos. Su aplicaci\u00f3n depende del tipo de inmueble, de qui\u00e9n vende, de d\u00f3nde est\u00e1 situado y de si se cumplen los supuestos previstos por la normativa.<\/p>\n<p>Por eso, antes de <a href=\"\/es\/agencia-inmobiliaria-barcelona\/\">vender un inmueble en Barcelona<\/a> o Catalu\u00f1a, conviene revisar si la operaci\u00f3n puede requerir comunicaciones previas, plazos administrativos o documentaci\u00f3n adicional. En <strong>Solfinc<\/strong> creemos que anticiparse a este punto ayuda a evitar retrasos y problemas cuando la venta ya est\u00e1 avanzada.<\/p>\n<\/div><\/div><div class=\"et_pb_text_1 et_pb_text et_pb_bg_layout_light et_pb_module et_block_module\"><div class=\"et_pb_text_inner\"><div id=\"ez-toc-container\" class=\"ez-toc-v2_0_87 counter-hierarchy ez-toc-counter ez-toc-grey ez-toc-container-direction\">\n<div class=\"ez-toc-title-container\">\n<p class=\"ez-toc-title\" style=\"cursor:inherit\">Table of contents<\/p>\n<span class=\"ez-toc-title-toggle\"><a href=\"#\" class=\"ez-toc-pull-right ez-toc-btn ez-toc-btn-xs ez-toc-btn-default ez-toc-toggle\" aria-label=\"Alternar tabla de contenidos\"><span class=\"ez-toc-js-icon-con\"><span class=\"\"><span class=\"eztoc-hide\" style=\"display:none;\">Toggle<\/span><span class=\"ez-toc-icon-toggle-span\"><svg style=\"fill: #999;color:#999\" xmlns=\"http:\/\/www.w3.org\/2000\/svg\" class=\"list-377408\" width=\"20px\" height=\"20px\" viewBox=\"0 0 24 24\" fill=\"none\"><path d=\"M6 6H4v2h2V6zm14 0H8v2h12V6zM4 11h2v2H4v-2zm16 0H8v2h12v-2zM4 16h2v2H4v-2zm16 0H8v2h12v-2z\" fill=\"currentColor\"><\/path><\/svg><svg style=\"fill: #999;color:#999\" class=\"arrow-unsorted-368013\" xmlns=\"http:\/\/www.w3.org\/2000\/svg\" width=\"10px\" height=\"10px\" viewBox=\"0 0 24 24\" version=\"1.2\" baseProfile=\"tiny\"><path d=\"M18.2 9.3l-6.2-6.3-6.2 6.3c-.2.2-.3.4-.3.7s.1.5.3.7c.2.2.4.3.7.3h11c.3 0 .5-.1.7-.3.2-.2.3-.5.3-.7s-.1-.5-.3-.7zM5.8 14.7l6.2 6.3 6.2-6.3c.2-.2.3-.5.3-.7s-.1-.5-.3-.7c-.2-.2-.4-.3-.7-.3h-11c-.3 0-.5.1-.7.3-.2.2-.3.5-.3.7s.1.5.3.7z\"\/><\/svg><\/span><\/span><\/span><\/a><\/span><\/div>\n<nav><ul class='ez-toc-list ez-toc-list-level-1 eztoc-toggle-hide-by-default' ><li class='ez-toc-page-1 ez-toc-heading-level-2'><a class=\"ez-toc-link ez-toc-heading-1\" href=\"https:\/\/www.solfinc.com\/es\/blog\/derechos-adquisicion-preferente-cataluna-y-barcelona\/#apoyate-en-una-agencia-inmobiliaria-que-te-ayude-a-tomar-decisiones-con-mas-seguridad\" >Ap\u00f3yate en una agencia inmobiliaria que te ayude a tomar decisiones con m\u00e1s seguridad<\/a><ul class='ez-toc-list-level-3' ><li class='ez-toc-heading-level-3'><a class=\"ez-toc-link ez-toc-heading-2\" href=\"https:\/\/www.solfinc.com\/es\/blog\/derechos-adquisicion-preferente-cataluna-y-barcelona\/#confia-tu-operacion-a-una-agencia-con-experiencia\" >Conf\u00eda tu operaci\u00f3n a una agencia con experiencia<\/a><\/li><\/ul><\/li><li class='ez-toc-page-1 ez-toc-heading-level-2'><a class=\"ez-toc-link ez-toc-heading-3\" href=\"https:\/\/www.solfinc.com\/es\/blog\/derechos-adquisicion-preferente-cataluna-y-barcelona\/#que-son-los-derechos-de-adquisicion-preferente\" >Qu\u00e9 son los derechos de adquisici\u00f3n preferente<\/a><ul class='ez-toc-list-level-3' ><li class='ez-toc-heading-level-3'><a class=\"ez-toc-link ez-toc-heading-4\" href=\"https:\/\/www.solfinc.com\/es\/blog\/derechos-adquisicion-preferente-cataluna-y-barcelona\/#que-es-el-derecho-de-tanteo\" >Qu\u00e9 es el derecho de tanteo<\/a><\/li><li class='ez-toc-page-1 ez-toc-heading-level-3'><a class=\"ez-toc-link ez-toc-heading-5\" href=\"https:\/\/www.solfinc.com\/es\/blog\/derechos-adquisicion-preferente-cataluna-y-barcelona\/#que-es-el-derecho-de-retracto\" >Qu\u00e9 es el derecho de retracto<\/a><\/li><li class='ez-toc-page-1 ez-toc-heading-level-3'><a class=\"ez-toc-link ez-toc-heading-6\" href=\"https:\/\/www.solfinc.com\/es\/blog\/derechos-adquisicion-preferente-cataluna-y-barcelona\/#diferencia-entre-tanteo-y-retracto\" >Diferencia entre tanteo y retracto<\/a><\/li><\/ul><\/li><li class='ez-toc-page-1 ez-toc-heading-level-2'><a class=\"ez-toc-link ez-toc-heading-7\" href=\"https:\/\/www.solfinc.com\/es\/blog\/derechos-adquisicion-preferente-cataluna-y-barcelona\/#derechos-de-tanteo-y-retracto-de-la-generalitat-de-catalunya\" >Derechos de tanteo y retracto de la Generalitat de Catalunya<\/a><ul class='ez-toc-list-level-3' ><li class='ez-toc-heading-level-3'><a class=\"ez-toc-link ez-toc-heading-8\" href=\"https:\/\/www.solfinc.com\/es\/blog\/derechos-adquisicion-preferente-cataluna-y-barcelona\/#en-que-transmisiones-puede-intervenir-la-generalitat\" >En qu\u00e9 transmisiones puede intervenir la Generalitat<\/a><\/li><li class='ez-toc-page-1 ez-toc-heading-level-3'><a class=\"ez-toc-link ez-toc-heading-9\" href=\"https:\/\/www.solfinc.com\/es\/blog\/derechos-adquisicion-preferente-cataluna-y-barcelona\/#que-pasa-si-la-vivienda-esta-en-una-zona-tensionada\" >Qu\u00e9 pasa si la vivienda est\u00e1 en una zona tensionada<\/a><\/li><li class='ez-toc-page-1 ez-toc-heading-level-3'><a class=\"ez-toc-link ez-toc-heading-10\" href=\"https:\/\/www.solfinc.com\/es\/blog\/derechos-adquisicion-preferente-cataluna-y-barcelona\/#transmisiones-posteriores-un-matiz-importante\" >Transmisiones posteriores: un matiz importante<\/a><\/li><\/ul><\/li><li class='ez-toc-page-1 ez-toc-heading-level-2'><a class=\"ez-toc-link ez-toc-heading-11\" href=\"https:\/\/www.solfinc.com\/es\/blog\/derechos-adquisicion-preferente-cataluna-y-barcelona\/#viviendas-excluidas-del-derecho-de-adquisicion-preferente-en-cataluna\" >Viviendas excluidas del derecho de adquisici\u00f3n preferente en Catalu\u00f1a<\/a><ul class='ez-toc-list-level-3' ><li class='ez-toc-heading-level-3'><a class=\"ez-toc-link ez-toc-heading-12\" href=\"https:\/\/www.solfinc.com\/es\/blog\/derechos-adquisicion-preferente-cataluna-y-barcelona\/#operaciones-entre-sociedades-del-mismo-grupo\" >Operaciones entre sociedades del mismo grupo<\/a><\/li><\/ul><\/li><li class='ez-toc-page-1 ez-toc-heading-level-2'><a class=\"ez-toc-link ez-toc-heading-13\" href=\"https:\/\/www.solfinc.com\/es\/blog\/derechos-adquisicion-preferente-cataluna-y-barcelona\/#comunicacion-previa-a-la-agencia-de-la-vivienda-de-cataluna\" >Comunicaci\u00f3n previa a la Agencia de la Vivienda de Catalu\u00f1a<\/a><ul class='ez-toc-list-level-3' ><li class='ez-toc-heading-level-3'><a class=\"ez-toc-link ez-toc-heading-14\" href=\"https:\/\/www.solfinc.com\/es\/blog\/derechos-adquisicion-preferente-cataluna-y-barcelona\/#que-debe-incluir-la-comunicacion\" >Qu\u00e9 debe incluir la comunicaci\u00f3n<\/a><\/li><li class='ez-toc-page-1 ez-toc-heading-level-3'><a class=\"ez-toc-link ez-toc-heading-15\" href=\"https:\/\/www.solfinc.com\/es\/blog\/derechos-adquisicion-preferente-cataluna-y-barcelona\/#visita-al-inmueble-por-parte-de-la-administracion\" >Visita al inmueble por parte de la Administraci\u00f3n<\/a><\/li><\/ul><\/li><li class='ez-toc-page-1 ez-toc-heading-level-2'><a class=\"ez-toc-link ez-toc-heading-16\" href=\"https:\/\/www.solfinc.com\/es\/blog\/derechos-adquisicion-preferente-cataluna-y-barcelona\/#plazos-de-la-generalitat-para-ejercer-el-tanteo-o-retracto\" >Plazos de la Generalitat para ejercer el tanteo o retracto<\/a><\/li><li class='ez-toc-page-1 ez-toc-heading-level-2'><a class=\"ez-toc-link ez-toc-heading-17\" href=\"https:\/\/www.solfinc.com\/es\/blog\/derechos-adquisicion-preferente-cataluna-y-barcelona\/#la-condicion-de-gran-tenedor-persona-juridica\" >La condici\u00f3n de gran tenedor persona jur\u00eddica<\/a><ul class='ez-toc-list-level-3' ><li class='ez-toc-heading-level-3'><a class=\"ez-toc-link ez-toc-heading-18\" href=\"https:\/\/www.solfinc.com\/es\/blog\/derechos-adquisicion-preferente-cataluna-y-barcelona\/#como-se-acredita-que-no-se-es-gran-tenedor\" >C\u00f3mo se acredita que no se es gran tenedor<\/a><\/li><\/ul><\/li><li class='ez-toc-page-1 ez-toc-heading-level-2'><a class=\"ez-toc-link ez-toc-heading-19\" href=\"https:\/\/www.solfinc.com\/es\/blog\/derechos-adquisicion-preferente-cataluna-y-barcelona\/#derecho-de-tanteo-y-retracto-del-ayuntamiento-de-barcelona\" >Derecho de tanteo y retracto del Ayuntamiento de Barcelona<\/a><ul class='ez-toc-list-level-3' ><li class='ez-toc-heading-level-3'><a class=\"ez-toc-link ez-toc-heading-20\" href=\"https:\/\/www.solfinc.com\/es\/blog\/derechos-adquisicion-preferente-cataluna-y-barcelona\/#entrada-en-vigor-de-la-ordenanza\" >Entrada en vigor de la ordenanza<\/a><\/li><li class='ez-toc-page-1 ez-toc-heading-level-3'><a class=\"ez-toc-link ez-toc-heading-21\" href=\"https:\/\/www.solfinc.com\/es\/blog\/derechos-adquisicion-preferente-cataluna-y-barcelona\/#barcelona-como-area-de-tanteo-y-retracto\" >Barcelona como \u00e1rea de tanteo y retracto<\/a><\/li><\/ul><\/li><li class='ez-toc-page-1 ez-toc-heading-level-2'><a class=\"ez-toc-link ez-toc-heading-22\" href=\"https:\/\/www.solfinc.com\/es\/blog\/derechos-adquisicion-preferente-cataluna-y-barcelona\/#que-inmuebles-pueden-quedar-afectados-en-barcelona\" >Qu\u00e9 inmuebles pueden quedar afectados en Barcelona<\/a><ul class='ez-toc-list-level-3' ><li class='ez-toc-heading-level-3'><a class=\"ez-toc-link ez-toc-heading-23\" href=\"https:\/\/www.solfinc.com\/es\/blog\/derechos-adquisicion-preferente-cataluna-y-barcelona\/#edificios-plurifamiliares-completos\" >Edificios plurifamiliares completos<\/a><\/li><li class='ez-toc-page-1 ez-toc-heading-level-3'><a class=\"ez-toc-link ez-toc-heading-24\" href=\"https:\/\/www.solfinc.com\/es\/blog\/derechos-adquisicion-preferente-cataluna-y-barcelona\/#viviendas-en-areas-especificas\" >Viviendas en \u00e1reas espec\u00edficas<\/a><\/li><li class='ez-toc-page-1 ez-toc-heading-level-3'><a class=\"ez-toc-link ez-toc-heading-25\" href=\"https:\/\/www.solfinc.com\/es\/blog\/derechos-adquisicion-preferente-cataluna-y-barcelona\/#viviendas-vacias-y-alquileres-en-prorroga-forzosa\" >Viviendas vac\u00edas y alquileres en pr\u00f3rroga forzosa<\/a><\/li><li class='ez-toc-page-1 ez-toc-heading-level-3'><a class=\"ez-toc-link ez-toc-heading-26\" href=\"https:\/\/www.solfinc.com\/es\/blog\/derechos-adquisicion-preferente-cataluna-y-barcelona\/#viviendas-en-construccion-o-recien-construidas\" >Viviendas en construcci\u00f3n o reci\u00e9n construidas<\/a><\/li><\/ul><\/li><li class='ez-toc-page-1 ez-toc-heading-level-2'><a class=\"ez-toc-link ez-toc-heading-27\" href=\"https:\/\/www.solfinc.com\/es\/blog\/derechos-adquisicion-preferente-cataluna-y-barcelona\/#que-actos-estan-sujetos-al-tanteo-y-retracto-en-barcelona\" >Qu\u00e9 actos est\u00e1n sujetos al tanteo y retracto en Barcelona<\/a><ul class='ez-toc-list-level-3' ><li class='ez-toc-heading-level-3'><a class=\"ez-toc-link ez-toc-heading-28\" href=\"https:\/\/www.solfinc.com\/es\/blog\/derechos-adquisicion-preferente-cataluna-y-barcelona\/#transmisiones-onerosas-de-inmuebles\" >Transmisiones onerosas de inmuebles<\/a><\/li><li class='ez-toc-page-1 ez-toc-heading-level-3'><a class=\"ez-toc-link ez-toc-heading-29\" href=\"https:\/\/www.solfinc.com\/es\/blog\/derechos-adquisicion-preferente-cataluna-y-barcelona\/#transmision-de-acciones-o-participaciones-sociales\" >Transmisi\u00f3n de acciones o participaciones sociales<\/a><\/li><li class='ez-toc-page-1 ez-toc-heading-level-3'><a class=\"ez-toc-link ez-toc-heading-30\" href=\"https:\/\/www.solfinc.com\/es\/blog\/derechos-adquisicion-preferente-cataluna-y-barcelona\/#transmisiones-de-partes-indivisas\" >Transmisiones de partes indivisas<\/a><\/li><\/ul><\/li><li class='ez-toc-page-1 ez-toc-heading-level-2'><a class=\"ez-toc-link ez-toc-heading-31\" href=\"https:\/\/www.solfinc.com\/es\/blog\/derechos-adquisicion-preferente-cataluna-y-barcelona\/#a-quien-afecta-la-ordenanza-de-barcelona\" >A qui\u00e9n afecta la ordenanza de Barcelona<\/a><ul class='ez-toc-list-level-3' ><li class='ez-toc-heading-level-3'><a class=\"ez-toc-link ez-toc-heading-32\" href=\"https:\/\/www.solfinc.com\/es\/blog\/derechos-adquisicion-preferente-cataluna-y-barcelona\/#no-solo-afecta-a-grandes-tenedores\" >No solo afecta a grandes tenedores<\/a><\/li><li class='ez-toc-page-1 ez-toc-heading-level-3'><a class=\"ez-toc-link ez-toc-heading-33\" href=\"https:\/\/www.solfinc.com\/es\/blog\/derechos-adquisicion-preferente-cataluna-y-barcelona\/#derechos-preferentes-de-ocupantes-o-arrendatarios\" >Derechos preferentes de ocupantes o arrendatarios<\/a><\/li><\/ul><\/li><li class='ez-toc-page-1 ez-toc-heading-level-2'><a class=\"ez-toc-link ez-toc-heading-34\" href=\"https:\/\/www.solfinc.com\/es\/blog\/derechos-adquisicion-preferente-cataluna-y-barcelona\/#procedimiento-ante-el-ayuntamiento-de-barcelona\" >Procedimiento ante el Ayuntamiento de Barcelona<\/a><ul class='ez-toc-list-level-3' ><li class='ez-toc-heading-level-3'><a class=\"ez-toc-link ez-toc-heading-35\" href=\"https:\/\/www.solfinc.com\/es\/blog\/derechos-adquisicion-preferente-cataluna-y-barcelona\/#documentacion-que-debe-aportarse\" >Documentaci\u00f3n que debe aportarse<\/a><\/li><li class='ez-toc-page-1 ez-toc-heading-level-3'><a class=\"ez-toc-link ez-toc-heading-36\" href=\"https:\/\/www.solfinc.com\/es\/blog\/derechos-adquisicion-preferente-cataluna-y-barcelona\/#cuando-puede-ejercerse-el-retracto-municipal\" >Cu\u00e1ndo puede ejercerse el retracto municipal<\/a><\/li><\/ul><\/li><li class='ez-toc-page-1 ez-toc-heading-level-2'><a class=\"ez-toc-link ez-toc-heading-37\" href=\"https:\/\/www.solfinc.com\/es\/blog\/derechos-adquisicion-preferente-cataluna-y-barcelona\/#para-que-adquiere-viviendas-la-administracion\" >Para qu\u00e9 adquiere viviendas la Administraci\u00f3n<\/a><ul class='ez-toc-list-level-3' ><li class='ez-toc-heading-level-3'><a class=\"ez-toc-link ez-toc-heading-38\" href=\"https:\/\/www.solfinc.com\/es\/blog\/derechos-adquisicion-preferente-cataluna-y-barcelona\/#regimen-de-proteccion-publica\" >R\u00e9gimen de protecci\u00f3n p\u00fablica<\/a><\/li><\/ul><\/li><li class='ez-toc-page-1 ez-toc-heading-level-2'><a class=\"ez-toc-link ez-toc-heading-39\" href=\"https:\/\/www.solfinc.com\/es\/blog\/derechos-adquisicion-preferente-cataluna-y-barcelona\/#ejemplo-practico-venta-de-un-edificio-plurifamiliar-en-barcelona\" >Ejemplo pr\u00e1ctico: venta de un edificio plurifamiliar en Barcelona<\/a><ul class='ez-toc-list-level-3' ><li class='ez-toc-heading-level-3'><a class=\"ez-toc-link ez-toc-heading-40\" href=\"https:\/\/www.solfinc.com\/es\/blog\/derechos-adquisicion-preferente-cataluna-y-barcelona\/#que-habria-que-comprobar\" >Qu\u00e9 habr\u00eda que comprobar<\/a><\/li><\/ul><\/li><li class='ez-toc-page-1 ez-toc-heading-level-2'><a class=\"ez-toc-link ez-toc-heading-41\" href=\"https:\/\/www.solfinc.com\/es\/blog\/derechos-adquisicion-preferente-cataluna-y-barcelona\/#que-debe-revisar-un-propietario-antes-de-vender-en-barcelona\" >Qu\u00e9 debe revisar un propietario antes de vender en Barcelona<\/a><ul class='ez-toc-list-level-3' ><li class='ez-toc-heading-level-3'><a class=\"ez-toc-link ez-toc-heading-42\" href=\"https:\/\/www.solfinc.com\/es\/blog\/derechos-adquisicion-preferente-cataluna-y-barcelona\/#checklist-previo-para-propietarios\" >Checklist previo para propietarios<\/a><\/li><\/ul><\/li><li class='ez-toc-page-1 ez-toc-heading-level-2'><a class=\"ez-toc-link ez-toc-heading-43\" href=\"https:\/\/www.solfinc.com\/es\/blog\/derechos-adquisicion-preferente-cataluna-y-barcelona\/#solfinc-y-la-gestion-de-operaciones-inmobiliarias-en-barcelona\" >Solfinc y la gesti\u00f3n de operaciones inmobiliarias en Barcelona<\/a><\/li><\/ul><\/nav><\/div>\n<h2><span class=\"ez-toc-section\" id=\"apoyate-en-una-agencia-inmobiliaria-que-te-ayude-a-tomar-decisiones-con-mas-seguridad\"><\/span>Ap\u00f3yate en una agencia inmobiliaria que te ayude a tomar decisiones con m\u00e1s seguridad<span class=\"ez-toc-section-end\"><\/span><\/h2>\n<\/div><\/div><\/div><\/div><div class=\"et_pb_row_1 et_pb_row et_pb_equal_columns et_block_row et_clickable\"><div class=\"et_pb_column_1 et_pb_column et_pb_column_3_5 et_block_column et_pb_css_mix_blend_mode_passthrough\"><div class=\"et_pb_text_2 et_pb_text et_pb_bg_layout_light et_pb_module et_block_module\"><div class=\"et_pb_text_inner\"><h3><span class=\"ez-toc-section\" id=\"confia-tu-operacion-a-una-agencia-con-experiencia\"><\/span>Conf\u00eda tu operaci\u00f3n a una agencia con experiencia<span class=\"ez-toc-section-end\"><\/span><\/h3>\n<\/div><\/div><div class=\"et_pb_text_3 et_pb_text et_pb_bg_layout_light et_pb_module et_block_module et_pb_text_align_center\"><div class=\"et_pb_text_inner\"><p>En Solfinc te ayudamos a gestionar operaciones inmobiliarias con m\u00e1s claridad, acompa\u00f1amiento y conocimiento del mercado en Barcelona.<\/p>\n<\/div><\/div><div class=\"et_pb_module et_pb_button_module_wrapper et_pb_button_0_wrapper\"><a class=\"et_pb_button_0 et_pb_button et_pb_bg_layout_light et_pb_module et_block_module\" href=\"\/es\/agencia-inmobiliaria-barcelona\/\">Ver agencia inmobiliaria<\/a><\/div><\/div><div class=\"et_pb_column_2 et_pb_column et_pb_column_2_5 et-last-child et_block_column et_pb_css_mix_blend_mode_passthrough\"><div class=\"et_pb_image_0 et_pb_image et_pb_module et_block_module\"><span class=\"et_pb_image_wrap\"><img decoding=\"async\" src=\"https:\/\/www.solfinc.com\/wp-content\/uploads\/2023\/11\/mejor-agencia-inmobiliaria.jpg\" width=\"1200\" height=\"800\" srcset=\"https:\/\/www.solfinc.com\/wp-content\/uploads\/2023\/11\/mejor-agencia-inmobiliaria.jpg 1200w, https:\/\/www.solfinc.com\/wp-content\/uploads\/2023\/11\/mejor-agencia-inmobiliaria-980x653.jpg 980w, https:\/\/www.solfinc.com\/wp-content\/uploads\/2023\/11\/mejor-agencia-inmobiliaria-480x320.jpg 480w\" sizes=\"(min-width: 0px) and (max-width: 480px) 480px, (min-width: 481px) and (max-width: 980px) 980px, (min-width: 981px) 1200px, 100vw\" class=\"wp-image-184157\" alt=\"Mejor agencia inmobiliaria Barcelona\" title=\"Mejor agencia inmobiliaria Barcelona\" \/><\/span><\/div><\/div><\/div><div class=\"et_pb_row_2 et_pb_row et_block_row\"><div class=\"et_pb_column_3 et_pb_column et_pb_column_4_4 et-last-child et_block_column et_pb_css_mix_blend_mode_passthrough\"><div class=\"et_pb_text_4 et_pb_text et_pb_bg_layout_light et_pb_module et_block_module\"><div class=\"et_pb_text_inner\"><h2><span class=\"ez-toc-section\" id=\"que-son-los-derechos-de-adquisicion-preferente\"><\/span>Qu\u00e9 son los derechos de adquisici\u00f3n preferente<span class=\"ez-toc-section-end\"><\/span><\/h2>\n<p>Los <strong>derechos de adquisici\u00f3n preferente<\/strong> permiten que una persona, entidad o Administraci\u00f3n tenga prioridad para comprar un inmueble frente a un tercero.<\/p>\n<p>En este caso, hablamos de derechos que puede ejercer la <strong>Administraci\u00f3n p\u00fablica<\/strong>.<\/p>\n<p>Dentro de esta figura aparecen dos conceptos principales:<\/p>\n<ul>\n<li><strong>Derecho de tanteo<\/strong>.<\/li>\n<li><strong>Derecho de retracto<\/strong>.<\/li>\n<\/ul>\n<p>Aunque pueden parecer parecidos, no act\u00faan en el mismo momento.<\/p>\n<\/div><\/div><div class=\"et_pb_toggle_0 et_pb_toggle et_pb_toggle_item et_pb_toggle_close et_pb_module et_block_module\"><h3 class=\"et_pb_toggle_title\"><span class=\"ez-toc-section\" id=\"que-es-el-derecho-de-tanteo\"><\/span>Qu\u00e9 es el derecho de tanteo<span class=\"ez-toc-section-end\"><\/span><\/h3><div class=\"et_pb_toggle_content clearfix\"><p>El <strong>derecho de tanteo<\/strong> permite adquirir un inmueble antes de que se venda a un tercero.<\/p>\n<p>La Administraci\u00f3n puede comprarlo aceptando las mismas condiciones previstas para la compraventa, especialmente el precio y las condiciones pactadas por el vendedor.<\/p>\n<p>Es decir, act\u00faa antes de la firma definitiva.<\/p>\n<\/div><\/div><div class=\"et_pb_toggle_1 et_pb_toggle et_pb_toggle_item et_pb_toggle_close et_pb_module et_block_module\"><h3 class=\"et_pb_toggle_title\"><span class=\"ez-toc-section\" id=\"que-es-el-derecho-de-retracto\"><\/span>Qu\u00e9 es el derecho de retracto<span class=\"ez-toc-section-end\"><\/span><\/h3><div class=\"et_pb_toggle_content clearfix\"><p>El <strong>derecho de retracto<\/strong> act\u00faa despu\u00e9s de la transmisi\u00f3n.<\/p>\n<p>Se puede ejercer cuando la venta ya se ha formalizado, pero no se han respetado los requisitos legales de comunicaci\u00f3n o la operaci\u00f3n se ha hecho en condiciones diferentes a las notificadas.<\/p>\n<p>En ese caso, la Administraci\u00f3n puede subrogarse en la posici\u00f3n del comprador.<\/p>\n<\/div><\/div><div class=\"et_pb_toggle_2 et_pb_toggle et_pb_toggle_item et_pb_toggle_close et_pb_module et_block_module\"><h3 class=\"et_pb_toggle_title\"><span class=\"ez-toc-section\" id=\"diferencia-entre-tanteo-y-retracto\"><\/span>Diferencia entre tanteo y retracto<span class=\"ez-toc-section-end\"><\/span><\/h3><div class=\"et_pb_toggle_content clearfix\"><p>La diferencia principal es el momento en el que se ejercen:<\/p>\n<ul>\n<li><strong>Tanteo<\/strong>: antes de vender el inmueble.<\/li>\n<li><strong>Retracto<\/strong>: despu\u00e9s de la venta, si no se ha seguido correctamente el procedimiento.<\/li>\n<\/ul>\n<p>Parece un matiz peque\u00f1o, pero en una operaci\u00f3n inmobiliaria puede cambiar mucho las cosas.<\/p>\n<\/div><\/div><\/div><\/div><div class=\"et_pb_row_3 et_pb_row et_pb_equal_columns et_block_row\"><div class=\"et_pb_column_4 et_pb_column et_pb_column_3_5 et_block_column et_pb_css_mix_blend_mode_passthrough\"><div class=\"et_pb_text_5 et_pb_text et_pb_bg_layout_light et_pb_module et_block_module\"><div class=\"et_pb_text_inner\"><h2><span class=\"ez-toc-section\" id=\"derechos-de-tanteo-y-retracto-de-la-generalitat-de-catalunya\"><\/span>Derechos de tanteo y retracto de la Generalitat de Catalunya<span class=\"ez-toc-section-end\"><\/span><\/h2>\n<p>En Catalu\u00f1a, la <strong>Generalitat de Catalunya<\/strong> puede tener <a href=\"\/es\/blog\/derecho-tanteo-retracto-que-es\/\">derechos de tanteo y retracto<\/a> en determinadas transmisiones de viviendas.<\/p>\n<p>El r\u00e9gimen se regula, entre otras normas, en el <strong>Decreto ley 1\/2015<\/strong>, que entr\u00f3 en vigor el 27 de marzo de 2015.<\/p>\n<p>Este r\u00e9gimen ha sido modificado posteriormente, destacando especialmente el <strong>Decreto ley 2\/2025<\/strong> y la <strong>Ley 11\/2025<\/strong>, que han ampliado y ajustado su \u00e1mbito de aplicaci\u00f3n.<\/p>\n<h3><span class=\"ez-toc-section\" id=\"en-que-transmisiones-puede-intervenir-la-generalitat\"><\/span>En qu\u00e9 transmisiones puede intervenir la Generalitat<span class=\"ez-toc-section-end\"><\/span><\/h3>\n<p>La Generalitat puede intervenir principalmente en dos grandes supuestos.<\/p>\n<p>El primero afecta a viviendas adquiridas mediante:<\/p>\n<ul>\n<li><strong>Proceso de ejecuci\u00f3n hipotecaria<\/strong>.<\/li>\n<li><strong>Daci\u00f3n en pago<\/strong>.<\/li>\n<li><strong>Compensaci\u00f3n de deuda con garant\u00eda hipotecaria<\/strong>.<\/li>\n<\/ul>\n<\/div><\/div><div class=\"et_pb_image_1 et_pb_image et_pb_module et_block_module\"><span class=\"et_pb_image_wrap\"><img decoding=\"async\" src=\"https:\/\/www.solfinc.com\/wp-content\/uploads\/2026\/06\/generalitat.jpg\" width=\"1000\" height=\"730\" srcset=\"https:\/\/www.solfinc.com\/wp-content\/uploads\/2026\/06\/generalitat.jpg 1000w, https:\/\/www.solfinc.com\/wp-content\/uploads\/2026\/06\/generalitat-980x715.jpg 980w, https:\/\/www.solfinc.com\/wp-content\/uploads\/2026\/06\/generalitat-480x350.jpg 480w\" sizes=\"(min-width: 0px) and (max-width: 480px) 480px, (min-width: 481px) and (max-width: 980px) 980px, (min-width: 981px) 1000px, 100vw\" class=\"wp-image-243564\" alt=\"Generalitat\" title=\"Generalitat\" \/><\/span><\/div><\/div><div class=\"et_pb_column_5 et_pb_column et_pb_column_2_5 et-last-child et_block_column et_pb_column_empty et_pb_css_mix_blend_mode_passthrough\"><\/div><\/div><div class=\"et_pb_row_4 et_pb_row et_block_row\"><div class=\"et_pb_column_6 et_pb_column et_pb_column_4_4 et-last-child et_block_column et_pb_css_mix_blend_mode_passthrough\"><div class=\"et_pb_text_6 et_pb_text et_pb_bg_layout_light et_pb_module et_block_module\"><div class=\"et_pb_text_inner\"><p>Este supuesto puede afectar tanto a la primera transmisi\u00f3n como a transmisiones posteriores.<\/p>\n<p>El segundo supuesto afecta a viviendas situadas en <strong>zonas declaradas de mercado residencial tensionado<\/strong>, cuando el propietario que transmite es una <strong>persona jur\u00eddica gran tenedora<\/strong>.<\/p>\n<p>Tambi\u00e9n se incluyen las viviendas adquiridas en subasta judicial o administrativa.<\/p>\n<h3><span class=\"ez-toc-section\" id=\"que-pasa-si-la-vivienda-esta-en-una-zona-tensionada\"><\/span>Qu\u00e9 pasa si la vivienda est\u00e1 en una zona tensionada<span class=\"ez-toc-section-end\"><\/span><\/h3>\n<p>Si la vivienda se encuentra en una <strong>zona de mercado residencial tensionado<\/strong>, hay que revisar con especial atenci\u00f3n qui\u00e9n transmite el inmueble.<\/p>\n<p>Cuando el transmitente es una <strong>persona jur\u00eddica gran tenedora<\/strong>, puede entrar en juego el derecho de tanteo y retracto de la Generalitat.<\/p>\n<p>Aqu\u00ed no basta con mirar solo la ubicaci\u00f3n del inmueble. Tambi\u00e9n importa la condici\u00f3n del propietario.<\/p>\n<\/div><\/div><\/div><\/div><div class=\"et_pb_row_5 et_pb_row et_pb_equal_columns et_block_row\"><div class=\"et_pb_column_7 et_pb_column et_pb_column_3_5 et_block_column et_pb_css_mix_blend_mode_passthrough\"><div class=\"et_pb_text_7 et_pb_text et_pb_bg_layout_light et_pb_module et_block_module\"><div class=\"et_pb_text_inner\"><h3><span class=\"ez-toc-section\" id=\"transmisiones-posteriores-un-matiz-importante\"><\/span>Transmisiones posteriores: un matiz importante<span class=\"ez-toc-section-end\"><\/span><\/h3>\n<p>No todos los supuestos funcionan igual.<\/p>\n<p>En las viviendas procedentes de ejecuci\u00f3n hipotecaria, daci\u00f3n en pago o compensaci\u00f3n de deuda, el r\u00e9gimen puede afectar tanto a la primera venta como a transmisiones posteriores.<\/p>\n<p>En cambio, en el caso de viviendas situadas en zonas tensionadas, el r\u00e9gimen se aplica mientras el transmitente mantenga la condici\u00f3n de <strong>persona jur\u00eddica gran tenedora<\/strong>.<\/p>\n<p>Por eso, cada operaci\u00f3n debe revisarse de forma individual.<\/p>\n<\/div><\/div><div class=\"et_pb_image_2 et_pb_image et_pb_module et_block_module\"><span class=\"et_pb_image_wrap\"><img decoding=\"async\" src=\"https:\/\/www.solfinc.com\/wp-content\/uploads\/2026\/06\/transmisiones-posteriores.jpg\" width=\"1000\" height=\"750\" srcset=\"https:\/\/www.solfinc.com\/wp-content\/uploads\/2026\/06\/transmisiones-posteriores.jpg 1000w, https:\/\/www.solfinc.com\/wp-content\/uploads\/2026\/06\/transmisiones-posteriores-980x735.jpg 980w, https:\/\/www.solfinc.com\/wp-content\/uploads\/2026\/06\/transmisiones-posteriores-480x360.jpg 480w\" sizes=\"(min-width: 0px) and (max-width: 480px) 480px, (min-width: 481px) and (max-width: 980px) 980px, (min-width: 981px) 1000px, 100vw\" class=\"wp-image-243567\" alt=\"Transmisiones posteriores\" title=\"Transmisiones posteriores\" \/><\/span><\/div><\/div><div class=\"et_pb_column_8 et_pb_column et_pb_column_2_5 et-last-child et_block_column et_pb_column_empty et_pb_css_mix_blend_mode_passthrough\"><\/div><\/div><div class=\"et_pb_row_6 et_pb_row et_block_row\"><div class=\"et_pb_column_9 et_pb_column et_pb_column_4_4 et-last-child et_block_column et_pb_css_mix_blend_mode_passthrough\"><div class=\"et_pb_text_8 et_pb_text et_pb_bg_layout_light et_pb_module et_block_module\"><div class=\"et_pb_text_inner\"><h2><span class=\"ez-toc-section\" id=\"viviendas-excluidas-del-derecho-de-adquisicion-preferente-en-cataluna\"><\/span>Viviendas excluidas del derecho de adquisici\u00f3n preferente en Catalu\u00f1a<span class=\"ez-toc-section-end\"><\/span><\/h2>\n<p>No todas las viviendas quedan sujetas a este r\u00e9gimen.<\/p>\n<p>Seg\u00fan la informaci\u00f3n analizada, quedan excluidas determinadas transmisiones de <strong>viviendas de nueva construcci\u00f3n<\/strong> o resultado de una <strong>gran rehabilitaci\u00f3n<\/strong> cuando se producen dentro del primer a\u00f1o desde el otorgamiento de la c\u00e9dula de habitabilidad.<\/p>\n<p>Tambi\u00e9n queda excluida la primera transmisi\u00f3n de obra nueva.<\/p>\n<h3><span class=\"ez-toc-section\" id=\"operaciones-entre-sociedades-del-mismo-grupo\"><\/span>Operaciones entre sociedades del mismo grupo<span class=\"ez-toc-section-end\"><\/span><\/h3>\n<p>Tambi\u00e9n pueden quedar excluidas determinadas operaciones entre sociedades del mismo grupo, dentro de este mismo \u00e1mbito.<\/p>\n<p>Este punto es m\u00e1s t\u00e9cnico, pero puede ser relevante en operaciones patrimoniales o societarias.<\/p>\n<p>En nuestra opini\u00f3n, es uno de esos detalles que conviene revisar antes de preparar la firma, especialmente cuando intervienen sociedades propietarias de inmuebles.<\/p>\n<h2><span class=\"ez-toc-section\" id=\"comunicacion-previa-a-la-agencia-de-la-vivienda-de-cataluna\"><\/span>Comunicaci\u00f3n previa a la Agencia de la Vivienda de Catalu\u00f1a<span class=\"ez-toc-section-end\"><\/span><\/h2>\n<p>Cuando la transmisi\u00f3n est\u00e1 sujeta a estos derechos, antes de formalizar la venta debe realizarse una <strong>comunicaci\u00f3n previa a la Administraci\u00f3n<\/strong>.<\/p>\n<p>Esta comunicaci\u00f3n se tramita a trav\u00e9s de la <strong>Agencia de la Vivienda de Catalu\u00f1a<\/strong>.<\/p>\n<\/div><\/div><\/div><\/div><div class=\"et_pb_row_7 et_pb_row et_block_row\"><div class=\"et_pb_column_10 et_pb_column et_pb_column_1_2 et_block_column et_pb_css_mix_blend_mode_passthrough\"><div class=\"et_pb_blurb_0 et_pb_blurb et_pb_bg_layout_light et_pb_blurb_position_top et_pb_module et_block_module\"><div class=\"et_pb_blurb_content\"><div class=\"et_pb_main_blurb_image et_animated\"><span class=\"et_pb_image_wrap et_pb_only_image_mode_wrap\"><img decoding=\"async\" src=\"https:\/\/www.solfinc.com\/wp-content\/uploads\/2026\/06\/comunicacion.jpg\" width=\"800\" height=\"533\" srcset=\"https:\/\/www.solfinc.com\/wp-content\/uploads\/2026\/06\/comunicacion.jpg 800w, https:\/\/www.solfinc.com\/wp-content\/uploads\/2026\/06\/comunicacion-480x320.jpg 480w\" sizes=\"(min-width: 0px) and (max-width: 480px) 480px, (min-width: 481px) 800px, 100vw\" class=\"wp-image-243570\" alt=\"Comunicaci\u00f3n\" \/><\/span><\/div><div class=\"et_pb_blurb_container\"><h3 class=\"et_pb_module_header\"><span class=\"ez-toc-section\" id=\"que-debe-incluir-la-comunicacion\"><\/span>Qu\u00e9 debe incluir la comunicaci\u00f3n<span class=\"ez-toc-section-end\"><\/span><\/h3><div class=\"et_pb_blurb_description\"><p>La comunicaci\u00f3n debe incluir informaci\u00f3n esencial de la operaci\u00f3n:<\/p>\n<ul>\n<li>El <strong>precio de venta<\/strong>.<\/li>\n<li>Las <strong>condiciones principales de la compraventa<\/strong>.<\/li>\n<li>Una declaraci\u00f3n sobre el <strong>estado de ocupaci\u00f3n de la vivienda<\/strong>.<\/li>\n<li>Una valoraci\u00f3n del <strong>estado de conservaci\u00f3n del inmueble<\/strong>.<\/li>\n<\/ul>\n<p>No es un simple tr\u00e1mite informativo. Es una parte relevante del proceso.<\/p>\n<\/div><\/div><\/div><\/div><\/div><div class=\"et_pb_column_11 et_pb_column et_pb_column_1_2 et-last-child et_block_column et_pb_css_mix_blend_mode_passthrough\"><div class=\"et_pb_blurb_1 et_pb_blurb et_pb_bg_layout_light et_pb_blurb_position_top et_pb_module et_block_module\"><div class=\"et_pb_blurb_content\"><div class=\"et_pb_main_blurb_image et_animated\"><span class=\"et_pb_image_wrap et_pb_only_image_mode_wrap\"><img decoding=\"async\" src=\"https:\/\/www.solfinc.com\/wp-content\/uploads\/2026\/06\/visitar-inmueble.jpg\" width=\"800\" height=\"532\" srcset=\"https:\/\/www.solfinc.com\/wp-content\/uploads\/2026\/06\/visitar-inmueble.jpg 800w, https:\/\/www.solfinc.com\/wp-content\/uploads\/2026\/06\/visitar-inmueble-480x319.jpg 480w\" sizes=\"(min-width: 0px) and (max-width: 480px) 480px, (min-width: 481px) 800px, 100vw\" class=\"wp-image-243573\" alt=\"Visitar inmueble\" \/><\/span><\/div><div class=\"et_pb_blurb_container\"><h3 class=\"et_pb_module_header\"><span class=\"ez-toc-section\" id=\"visita-al-inmueble-por-parte-de-la-administracion\"><\/span>Visita al inmueble por parte de la Administraci\u00f3n<span class=\"ez-toc-section-end\"><\/span><\/h3><div class=\"et_pb_blurb_description\"><p>Si la Administraci\u00f3n solicita visitar la vivienda, el transmitente debe permitir el acceso.<\/p>\n<p>Si no se facilita esta visita, el plazo para ejercer el derecho de tanteo puede quedar suspendido.<\/p>\n<p>Esto puede afectar directamente al calendario de la operaci\u00f3n.<\/p>\n<p>Por eso, cuando una venta puede estar sujeta a estos derechos, no conviene dejar la documentaci\u00f3n para el \u00faltimo momento.<\/p>\n<\/div><\/div><\/div><\/div><\/div><\/div><div class=\"et_pb_row_8 et_pb_row et_block_row\"><div class=\"et_pb_column_12 et_pb_column et_pb_column_4_4 et-last-child et_block_column et_pb_css_mix_blend_mode_passthrough\"><div class=\"et_pb_text_9 et_pb_text et_pb_bg_layout_light et_pb_module et_block_module\"><div class=\"et_pb_text_inner\"><h2><span class=\"ez-toc-section\" id=\"plazos-de-la-generalitat-para-ejercer-el-tanteo-o-retracto\"><\/span>Plazos de la Generalitat para ejercer el tanteo o retracto<span class=\"ez-toc-section-end\"><\/span><\/h2>\n<p>Una vez realizada correctamente la comunicaci\u00f3n, la Administraci\u00f3n dispone de un plazo de <strong>dos meses<\/strong> para notificar si ejerce el <strong>derecho de tanteo<\/strong>.<\/p>\n<p>Si decide ejercerlo, cuenta con <strong>tres meses<\/strong> para formalizar la adquisici\u00f3n.<\/p>\n<p>Este plazo se cuenta desde la notificaci\u00f3n al titular transmitente de la resoluci\u00f3n de ejercicio del derecho de tanteo o retracto.<\/p>\n<\/div><\/div><div class=\"et_pb_blurb_2 et_pb_blurb et_pb_bg_layout_light et_pb_blurb_position_left et_pb_module et_block_module\"><div class=\"et_pb_blurb_content\"><div class=\"et_pb_blurb_container\"><h4 class=\"et_pb_module_header\">Qu\u00e9 ocurre si la Generalitat no responde<\/h4><div class=\"et_pb_blurb_description\"><p>Si la Administraci\u00f3n no manifiesta ninguna decisi\u00f3n dentro del plazo previsto, se entiende que renuncia respecto a esa transmisi\u00f3n concreta.<\/p>\n<p>En ese caso, la vivienda puede transmitirse libremente.<\/p>\n<\/div><\/div><\/div><\/div><div class=\"et_pb_blurb_3 et_pb_blurb et_pb_bg_layout_light et_pb_blurb_position_left et_pb_module et_block_module\"><div class=\"et_pb_blurb_content\"><div class=\"et_pb_blurb_container\"><h4 class=\"et_pb_module_header\">Cu\u00e1ndo puede ejercerse el retracto<\/h4><div class=\"et_pb_blurb_description\"><p>El <strong>derecho de retracto<\/strong> puede entrar en juego si:<\/p>\n<ul>\n<li>No se han cumplido los requisitos legales de comunicaci\u00f3n.<\/li>\n<li>La venta se ha formalizado antes de que venciera el plazo para ejercer el tanteo.<\/li>\n<li>La transmisi\u00f3n se ha hecho en condiciones distintas a las notificadas.<\/li>\n<\/ul>\n<p>En estos casos, la Administraci\u00f3n puede intervenir despu\u00e9s de la venta.<\/p>\n<\/div><\/div><\/div><\/div><\/div><\/div><div class=\"et_pb_row_9 et_pb_row et_pb_equal_columns et_block_row\"><div class=\"et_pb_column_13 et_pb_column et_pb_column_3_5 et_block_column et_pb_css_mix_blend_mode_passthrough\"><div class=\"et_pb_text_10 et_pb_text et_pb_bg_layout_light et_pb_module et_block_module\"><div class=\"et_pb_text_inner\"><h2><span class=\"ez-toc-section\" id=\"la-condicion-de-gran-tenedor-persona-juridica\"><\/span>La condici\u00f3n de gran tenedor persona jur\u00eddica<span class=\"ez-toc-section-end\"><\/span><\/h2>\n<p>La figura del <a href=\"\/es\/blog\/gran-tenedor-de-vivienda-cataluna\/\"><strong>gran tenedor<\/strong><\/a> es importante en determinadas transmisiones.<\/p>\n<p>Mientras no est\u00e9 operativo el registro de grandes tenedores, las personas jur\u00eddicas que transmitan viviendas situadas en zonas tensionadas deben declarar si tienen esta condici\u00f3n.<\/p>\n<h3><span class=\"ez-toc-section\" id=\"como-se-acredita-que-no-se-es-gran-tenedor\"><\/span>C\u00f3mo se acredita que no se es gran tenedor<span class=\"ez-toc-section-end\"><\/span><\/h3>\n<p>Si la persona jur\u00eddica niega tener la condici\u00f3n de gran tenedora, debe acreditarlo mediante una certificaci\u00f3n registral creada para este fin.<\/p>\n<p>Esta certificaci\u00f3n debe incorporarse al t\u00edtulo de transmisi\u00f3n.<\/p>\n<p>Este detalle puede parecer menor, pero en la pr\u00e1ctica puede condicionar la preparaci\u00f3n de la compraventa.<\/p>\n<\/div><\/div><div class=\"et_pb_image_3 et_pb_image et_pb_module et_block_module\"><span class=\"et_pb_image_wrap\"><img decoding=\"async\" src=\"https:\/\/www.solfinc.com\/wp-content\/uploads\/2026\/05\/gran-tenedor.jpg\" width=\"800\" height=\"527\" srcset=\"https:\/\/www.solfinc.com\/wp-content\/uploads\/2026\/05\/gran-tenedor.jpg 800w, https:\/\/www.solfinc.com\/wp-content\/uploads\/2026\/05\/gran-tenedor-480x316.jpg 480w\" sizes=\"(min-width: 0px) and (max-width: 480px) 480px, (min-width: 481px) 800px, 100vw\" class=\"wp-image-241428\" alt=\"Gran tenedor\" title=\"Gran tenedor\" \/><\/span><\/div><\/div><div class=\"et_pb_column_14 et_pb_column et_pb_column_2_5 et-last-child et_block_column et_pb_column_empty et_pb_css_mix_blend_mode_passthrough\"><\/div><\/div><div class=\"et_pb_row_10 et_pb_row et_block_row\"><div class=\"et_pb_column_15 et_pb_column et_pb_column_4_4 et-last-child et_block_column et_pb_css_mix_blend_mode_passthrough\"><div class=\"et_pb_text_11 et_pb_text et_pb_bg_layout_light et_pb_module et_block_module\"><div class=\"et_pb_text_inner\"><h2><span class=\"ez-toc-section\" id=\"derecho-de-tanteo-y-retracto-del-ayuntamiento-de-barcelona\"><\/span>Derecho de tanteo y retracto del Ayuntamiento de Barcelona<span class=\"ez-toc-section-end\"><\/span><\/h2>\n<p>En Barcelona hay que tener en cuenta otra norma clave: la <strong>Ordenanza reguladora de la sujeci\u00f3n de inmuebles destinados a vivienda a los derechos de tanteo y retracto en la ciudad de Barcelona<\/strong>.<\/p>\n<p>Esta ordenanza entr\u00f3 en vigor el <strong>30 de diciembre de 2025<\/strong>.<\/p>\n<h3><span class=\"ez-toc-section\" id=\"entrada-en-vigor-de-la-ordenanza\"><\/span>Entrada en vigor de la ordenanza<span class=\"ez-toc-section-end\"><\/span><\/h3>\n<p>La ordenanza entr\u00f3 en vigor el 30 de diciembre de 2025.<\/p>\n<p>Hay una excepci\u00f3n: las normas del Cap\u00edtulo 3, relativas al ejercicio de estos derechos en beneficio de personas f\u00edsicas u otras entidades promotoras de vivienda, entran en vigor seis meses despu\u00e9s de la publicaci\u00f3n de la ordenanza en el BOPB.<\/p>\n<h3><span class=\"ez-toc-section\" id=\"barcelona-como-area-de-tanteo-y-retracto\"><\/span>Barcelona como \u00e1rea de tanteo y retracto<span class=\"ez-toc-section-end\"><\/span><\/h3>\n<p>Uno de los puntos m\u00e1s importantes es que <strong>todo el t\u00e9rmino municipal de Barcelona queda declarado \u00e1rea de tanteo y retracto<\/strong>.<\/p>\n<p>Tambi\u00e9n se pueden delimitar \u00e1reas espec\u00edficas mediante instrumentos urban\u00edsticos, como:<\/p>\n<ul>\n<li>Planes especiales.<\/li>\n<li>Planes de mejora urbana.<\/li>\n<li>\u00c1reas de rehabilitaci\u00f3n y conservaci\u00f3n.<\/li>\n<\/ul>\n<p>Este punto es especialmente relevante para propietarios de inmuebles en Barcelona.<\/p>\n<h2><span class=\"ez-toc-section\" id=\"que-inmuebles-pueden-quedar-afectados-en-barcelona\"><\/span>Qu\u00e9 inmuebles pueden quedar afectados en Barcelona<span class=\"ez-toc-section-end\"><\/span><\/h2>\n<p>La ordenanza municipal afecta a determinados inmuebles destinados a vivienda.<\/p>\n<p>No se limita \u00fanicamente a viviendas protegidas ni a grandes tenedores.<\/p>\n<\/div><\/div><div class=\"et_pb_blurb_4 et_pb_blurb et_pb_bg_layout_light et_pb_blurb_position_left et_pb_module et_block_module\"><div class=\"et_pb_blurb_content\"><div class=\"et_pb_blurb_container\"><h3 class=\"et_pb_module_header\"><span class=\"ez-toc-section\" id=\"edificios-plurifamiliares-completos\"><\/span>Edificios plurifamiliares completos<span class=\"ez-toc-section-end\"><\/span><\/h3><div class=\"et_pb_blurb_description\"><p>Pueden quedar afectados los <strong>edificios plurifamiliares enteros<\/strong> utilizados principalmente como vivienda.<\/p>\n<p>Este supuesto puede ser especialmente importante en operaciones de venta de fincas completas.<\/p>\n<\/div><\/div><\/div><\/div><div class=\"et_pb_blurb_5 et_pb_blurb et_pb_bg_layout_light et_pb_blurb_position_left et_pb_module et_block_module\"><div class=\"et_pb_blurb_content\"><div class=\"et_pb_blurb_container\"><h3 class=\"et_pb_module_header\"><span class=\"ez-toc-section\" id=\"viviendas-en-areas-especificas\"><\/span>Viviendas en \u00e1reas espec\u00edficas<span class=\"ez-toc-section-end\"><\/span><\/h3><div class=\"et_pb_blurb_description\"><p>En \u00e1reas espec\u00edficas, tambi\u00e9n pueden quedar afectadas viviendas concretas situadas en determinadas \u00e1reas de rehabilitaci\u00f3n y conservaci\u00f3n.<\/p>\n<p>Lo mismo puede ocurrir con fincas enteras situadas en \u00e1reas de rehabilitaci\u00f3n y conservaci\u00f3n espec\u00edficas.<\/p>\n<\/div><\/div><\/div><\/div><div class=\"et_pb_blurb_6 et_pb_blurb et_pb_bg_layout_light et_pb_blurb_position_left et_pb_module et_block_module\"><div class=\"et_pb_blurb_content\"><div class=\"et_pb_blurb_container\"><h3 class=\"et_pb_module_header\"><span class=\"ez-toc-section\" id=\"viviendas-vacias-y-alquileres-en-prorroga-forzosa\"><\/span>Viviendas vac\u00edas y alquileres en pr\u00f3rroga forzosa<span class=\"ez-toc-section-end\"><\/span><\/h3><div class=\"et_pb_blurb_description\"><p>La ordenanza tambi\u00e9n contempla:<\/p>\n<ul>\n<li><strong>Viviendas vac\u00edas<\/strong>.<\/li>\n<li><strong>Viviendas de alquiler en pr\u00f3rroga forzosa<\/strong>.<\/li>\n<\/ul>\n<p>Este tipo de supuestos pueden generar dudas en operaciones aparentemente sencillas.<\/p>\n<p>Por eso, antes de vender una vivienda en Barcelona, conviene revisar si puede estar afectada por la normativa municipal.<\/p>\n<\/div><\/div><\/div><\/div><div class=\"et_pb_blurb_7 et_pb_blurb et_pb_bg_layout_light et_pb_blurb_position_left et_pb_module et_block_module\"><div class=\"et_pb_blurb_content\"><div class=\"et_pb_blurb_container\"><h3 class=\"et_pb_module_header\"><span class=\"ez-toc-section\" id=\"viviendas-en-construccion-o-recien-construidas\"><\/span>Viviendas en construcci\u00f3n o reci\u00e9n construidas<span class=\"ez-toc-section-end\"><\/span><\/h3><div class=\"et_pb_blurb_description\"><p>Tambi\u00e9n pueden quedar afectadas determinadas viviendas en construcci\u00f3n o ya construidas.<\/p>\n<p>Esto ocurre cuando las personas transmisoras las han adquirido de la promotora y, si ya estaban construidas, cuando la transmisi\u00f3n se produjo antes de que hubiera transcurrido un a\u00f1o desde la finalizaci\u00f3n del edificio.<\/p>\n<\/div><\/div><\/div><\/div><\/div><\/div><div class=\"et_pb_row_11 et_pb_row et_pb_equal_columns et_block_row\"><div class=\"et_pb_column_16 et_pb_column et_pb_column_3_5 et_block_column et_pb_css_mix_blend_mode_passthrough\"><div class=\"et_pb_text_12 et_pb_text et_pb_bg_layout_light et_pb_module et_block_module\"><div class=\"et_pb_text_inner\"><h2><span class=\"ez-toc-section\" id=\"que-actos-estan-sujetos-al-tanteo-y-retracto-en-barcelona\"><\/span>Qu\u00e9 actos est\u00e1n sujetos al tanteo y retracto en Barcelona<span class=\"ez-toc-section-end\"><\/span><\/h2>\n<p>La ordenanza no se limita a la venta directa de inmuebles.<\/p>\n<p>Tambi\u00e9n puede afectar a otros actos de transmisi\u00f3n.<\/p>\n<\/div><\/div><div class=\"et_pb_toggle_3 et_pb_toggle et_pb_toggle_item et_pb_toggle_close et_pb_module et_block_module\"><h3 class=\"et_pb_toggle_title\"><span class=\"ez-toc-section\" id=\"transmisiones-onerosas-de-inmuebles\"><\/span>Transmisiones onerosas de inmuebles<span class=\"ez-toc-section-end\"><\/span><\/h3><div class=\"et_pb_toggle_content clearfix\"><p>Quedan sujetas las <strong>transmisiones onerosas<\/strong> de los inmuebles afectados.<\/p>\n<p>Es decir, operaciones en las que existe una contraprestaci\u00f3n econ\u00f3mica.<\/p>\n<\/div><\/div><div class=\"et_pb_toggle_4 et_pb_toggle et_pb_toggle_item et_pb_toggle_close et_pb_module et_block_module\"><h3 class=\"et_pb_toggle_title\"><span class=\"ez-toc-section\" id=\"transmision-de-acciones-o-participaciones-sociales\"><\/span>Transmisi\u00f3n de acciones o participaciones sociales<span class=\"ez-toc-section-end\"><\/span><\/h3><div class=\"et_pb_toggle_content clearfix\"><p>Tambi\u00e9n pueden quedar sujetas las transmisiones de <strong>acciones o participaciones sociales<\/strong> de sociedades propietarias de estos inmuebles.<\/p>\n<p>Este punto es especialmente importante en operaciones entre empresas o estructuras patrimoniales.<\/p>\n<p>No siempre se vende directamente una finca. A veces se transmite la sociedad que la posee.<\/p>\n<\/div><\/div><div class=\"et_pb_toggle_5 et_pb_toggle et_pb_toggle_item et_pb_toggle_close et_pb_module et_block_module\"><h3 class=\"et_pb_toggle_title\"><span class=\"ez-toc-section\" id=\"transmisiones-de-partes-indivisas\"><\/span>Transmisiones de partes indivisas<span class=\"ez-toc-section-end\"><\/span><\/h3><div class=\"et_pb_toggle_content clearfix\"><p>La ordenanza tambi\u00e9n contempla la transmisi\u00f3n de partes indivisas de los inmuebles afectados.<\/p>\n<p>Por tanto, no solo hay que mirar ventas completas. Tambi\u00e9n pueden existir supuestos parciales sujetos a estos derechos.<\/p>\n<\/div><\/div><div class=\"et_pb_image_4 et_pb_image et_pb_module et_block_module\"><span class=\"et_pb_image_wrap\"><img decoding=\"async\" src=\"https:\/\/www.solfinc.com\/wp-content\/uploads\/2026\/06\/transmision-inmuebles.jpg\" width=\"800\" height=\"534\" srcset=\"https:\/\/www.solfinc.com\/wp-content\/uploads\/2026\/06\/transmision-inmuebles.jpg 800w, https:\/\/www.solfinc.com\/wp-content\/uploads\/2026\/06\/transmision-inmuebles-480x320.jpg 480w\" sizes=\"(min-width: 0px) and (max-width: 480px) 480px, (min-width: 481px) 800px, 100vw\" class=\"wp-image-243576\" alt=\"Transmisi\u00f3n inmuebles\" title=\"Transmisi\u00f3n inmuebles\" \/><\/span><\/div><\/div><div class=\"et_pb_column_17 et_pb_column et_pb_column_2_5 et-last-child et_block_column et_pb_column_empty et_pb_css_mix_blend_mode_passthrough\"><\/div><\/div><div class=\"et_pb_row_12 et_pb_row et_block_row\"><div class=\"et_pb_column_18 et_pb_column et_pb_column_4_4 et-last-child et_block_column et_pb_css_mix_blend_mode_passthrough\"><div class=\"et_pb_text_13 et_pb_text et_pb_bg_layout_light et_pb_module et_block_module\"><div class=\"et_pb_text_inner\"><h2><span class=\"ez-toc-section\" id=\"a-quien-afecta-la-ordenanza-de-barcelona\"><\/span>A qui\u00e9n afecta la ordenanza de Barcelona<span class=\"ez-toc-section-end\"><\/span><\/h2>\n<p>Una idea importante: la ordenanza puede afectar tanto a personas f\u00edsicas como jur\u00eddicas.<\/p>\n<p>Tambi\u00e9n puede aplicarse aunque transmitente o adquirente no sean grandes tenedores.<\/p>\n<h3><span class=\"ez-toc-section\" id=\"no-solo-afecta-a-grandes-tenedores\"><\/span>No solo afecta a grandes tenedores<span class=\"ez-toc-section-end\"><\/span><\/h3>\n<p>Este punto conviene repetirlo porque puede generar confusi\u00f3n.<\/p>\n<p>En Barcelona, la afectaci\u00f3n puede producirse tanto si las partes son grandes tenedores como si no lo son.<\/p>\n<p>Por eso, no conviene descartar la aplicaci\u00f3n de la ordenanza solo porque el propietario sea una persona f\u00edsica o no tenga un gran patrimonio inmobiliario.<\/p>\n<h3><span class=\"ez-toc-section\" id=\"derechos-preferentes-de-ocupantes-o-arrendatarios\"><\/span>Derechos preferentes de ocupantes o arrendatarios<span class=\"ez-toc-section-end\"><\/span><\/h3>\n<p>Los derechos de tanteo y retracto que puedan corresponder a ocupantes por disposici\u00f3n legal tienen car\u00e1cter preferente respecto a los del Ayuntamiento.<\/p>\n<p>En estos casos, es necesario acreditar documentalmente que se ha practicado la notificaci\u00f3n correspondiente a los titulares de estos derechos y cu\u00e1l ha sido su resultado.<\/p>\n<h2><span class=\"ez-toc-section\" id=\"procedimiento-ante-el-ayuntamiento-de-barcelona\"><\/span>Procedimiento ante el Ayuntamiento de Barcelona<span class=\"ez-toc-section-end\"><\/span><\/h2>\n<p>Cuando la operaci\u00f3n est\u00e1 sujeta al r\u00e9gimen municipal, debe comunicarse previamente al Ayuntamiento la voluntad de transmitir el inmueble.<\/p>\n<p>Tambi\u00e9n debe comunicarse, si procede, la transmisi\u00f3n de participaciones sociales.<\/p>\n<\/div><\/div><div class=\"et_pb_blurb_8 et_pb_blurb et_pb_bg_layout_light et_pb_blurb_position_left et_pb_module et_block_module\"><div class=\"et_pb_blurb_content\"><div class=\"et_pb_blurb_container\"><h3 class=\"et_pb_module_header\"><span class=\"ez-toc-section\" id=\"documentacion-que-debe-aportarse\"><\/span>Documentaci\u00f3n que debe aportarse<span class=\"ez-toc-section-end\"><\/span><\/h3><div class=\"et_pb_blurb_description\"><p>La comunicaci\u00f3n debe incluir la documentaci\u00f3n completa relativa a:<\/p>\n<ul>\n<li>La operaci\u00f3n proyectada.<\/li>\n<li>El inmueble.<\/li>\n<li>Su situaci\u00f3n de ocupaci\u00f3n.<\/li>\n<\/ul>\n<p>Una vez la comunicaci\u00f3n se considera completa, la Administraci\u00f3n dispone de <strong>dos meses<\/strong> para acordar el ejercicio del derecho de tanteo.<\/p>\n<\/div><\/div><\/div><\/div><div class=\"et_pb_blurb_9 et_pb_blurb et_pb_bg_layout_light et_pb_blurb_position_left et_pb_module et_block_module\"><div class=\"et_pb_blurb_content\"><div class=\"et_pb_blurb_container\"><h3 class=\"et_pb_module_header\"><span class=\"ez-toc-section\" id=\"cuando-puede-ejercerse-el-retracto-municipal\"><\/span>Cu\u00e1ndo puede ejercerse el retracto municipal<span class=\"ez-toc-section-end\"><\/span><\/h3><div class=\"et_pb_blurb_description\"><p>El <strong>derecho de retracto<\/strong> puede activarse si la transmisi\u00f3n se ha realizado sin la comunicaci\u00f3n previa obligatoria.<\/p>\n<p>Tambi\u00e9n puede ejercerse si la venta se ha hecho en condiciones distintas a las notificadas.<\/p>\n<p>En estos casos, el plazo para acordar el ejercicio del retracto es de <strong>tres meses<\/strong> desde que el Ayuntamiento tiene conocimiento efectivo de la transmisi\u00f3n.<\/p>\n<\/div><\/div><\/div><\/div><\/div><\/div><div class=\"et_pb_row_13 et_pb_row et_pb_equal_columns et_block_row\"><div class=\"et_pb_column_19 et_pb_column et_pb_column_3_5 et_block_column et_pb_css_mix_blend_mode_passthrough\"><div class=\"et_pb_text_14 et_pb_text et_pb_bg_layout_light et_pb_module et_block_module\"><div class=\"et_pb_text_inner\"><h2><span class=\"ez-toc-section\" id=\"para-que-adquiere-viviendas-la-administracion\"><\/span>Para qu\u00e9 adquiere viviendas la Administraci\u00f3n<span class=\"ez-toc-section-end\"><\/span><\/h2>\n<p>Estos derechos tienen una finalidad vinculada a las pol\u00edticas p\u00fablicas de vivienda.<\/p>\n<p>En el caso de Barcelona, el titular de los derechos es el <strong>Ajuntament de Barcelona<\/strong>.<\/p>\n<p>Los inmuebles adquiridos deben destinarse a <strong>pol\u00edticas sociales de vivienda<\/strong>, preferentemente a <strong>vivienda con protecci\u00f3n oficial<\/strong>.<\/p>\n<h3><span class=\"ez-toc-section\" id=\"regimen-de-proteccion-publica\"><\/span>R\u00e9gimen de protecci\u00f3n p\u00fablica<span class=\"ez-toc-section-end\"><\/span><\/h3>\n<p>En el caso de la Generalitat, los inmuebles adquiridos en ejercicio de estos derechos quedan sometidos a un r\u00e9gimen de <strong>protecci\u00f3n p\u00fablica permanente<\/strong>.<\/p>\n<p>Esto ayuda a entender el sentido de la normativa: reforzar el parque de vivienda destinado a fines sociales.<\/p>\n<\/div><\/div><div class=\"et_pb_image_5 et_pb_image et_pb_module et_block_module\"><span class=\"et_pb_image_wrap\"><img decoding=\"async\" src=\"https:\/\/www.solfinc.com\/wp-content\/uploads\/2026\/06\/ayuntamiento-barcelona.jpg\" width=\"760\" height=\"428\" srcset=\"https:\/\/www.solfinc.com\/wp-content\/uploads\/2026\/06\/ayuntamiento-barcelona.jpg 760w, https:\/\/www.solfinc.com\/wp-content\/uploads\/2026\/06\/ayuntamiento-barcelona-480x270.jpg 480w\" sizes=\"(min-width: 0px) and (max-width: 480px) 480px, (min-width: 481px) 760px, 100vw\" class=\"wp-image-243581\" alt=\"Ayuntamiento de Barcelona\" title=\"Ayuntamiento de Barcelona\" \/><\/span><\/div><\/div><div class=\"et_pb_column_20 et_pb_column et_pb_column_2_5 et-last-child et_block_column et_pb_column_empty et_pb_css_mix_blend_mode_passthrough\"><\/div><\/div><div class=\"et_pb_row_14 et_pb_row et_block_row\"><div class=\"et_pb_column_21 et_pb_column et_pb_column_4_4 et-last-child et_block_column et_pb_css_mix_blend_mode_passthrough\"><div class=\"et_pb_text_15 et_pb_text et_pb_bg_layout_light et_pb_module et_block_module\"><div class=\"et_pb_text_inner\"><h2><span class=\"ez-toc-section\" id=\"ejemplo-practico-venta-de-un-edificio-plurifamiliar-en-barcelona\"><\/span>Ejemplo pr\u00e1ctico: venta de un edificio plurifamiliar en Barcelona<span class=\"ez-toc-section-end\"><\/span><\/h2>\n<p>Imaginemos la venta de un edificio plurifamiliar completo en Barcelona, utilizado principalmente como vivienda.<\/p>\n<p>A primera vista, la operaci\u00f3n puede parecer sencilla: propietario, comprador, precio pactado y firma.<\/p>\n<p>Pero antes de llegar a notar\u00eda habr\u00eda que revisar si el edificio queda afectado por la ordenanza municipal.<\/p>\n<h3><span class=\"ez-toc-section\" id=\"que-habria-que-comprobar\"><\/span>Qu\u00e9 habr\u00eda que comprobar<span class=\"ez-toc-section-end\"><\/span><\/h3>\n<p>En un caso as\u00ed, habr\u00eda que analizar:<\/p>\n<ul>\n<li>Si el inmueble est\u00e1 dentro del \u00e1mbito de aplicaci\u00f3n de la ordenanza.<\/li>\n<li>Si debe comunicarse previamente la transmisi\u00f3n al Ayuntamiento.<\/li>\n<li>Si existen ocupantes o arrendatarios con derechos preferentes.<\/li>\n<li>Si la documentaci\u00f3n de la operaci\u00f3n est\u00e1 completa.<\/li>\n<li>Qu\u00e9 plazos pueden afectar a la venta.<\/li>\n<\/ul>\n<p>\u00bfSignifica esto que la venta no pueda hacerse? No necesariamente.<\/p>\n<p>Significa que debe prepararse bien.<\/p>\n<p>En nuestro caso, cuando una operaci\u00f3n inmobiliaria tiene varias capas legales, siempre recomendamos revisar los tr\u00e1mites antes de lanzar la venta al mercado. Es mucho m\u00e1s f\u00e1cil ordenar la documentaci\u00f3n al inicio que corregir problemas cuando ya hay comprador, arras y fecha de firma prevista.<\/p>\n<\/div><\/div><\/div><\/div><div class=\"et_pb_row_15 et_pb_row et_pb_equal_columns et_block_row\"><div class=\"et_pb_column_22 et_pb_column et_pb_column_3_5 et_block_column et_pb_css_mix_blend_mode_passthrough\"><div class=\"et_pb_text_16 et_pb_text et_pb_bg_layout_light et_pb_module et_block_module\"><div class=\"et_pb_text_inner\"><h2><span class=\"ez-toc-section\" id=\"que-debe-revisar-un-propietario-antes-de-vender-en-barcelona\"><\/span>Qu\u00e9 debe revisar un propietario antes de vender en Barcelona<span class=\"ez-toc-section-end\"><\/span><\/h2>\n<p>Antes de vender una vivienda, un edificio o una participaci\u00f3n vinculada a sociedades propietarias de inmuebles en Barcelona, conviene revisar varios puntos.<\/p>\n<h3><span class=\"ez-toc-section\" id=\"checklist-previo-para-propietarios\"><\/span>Checklist previo para propietarios<span class=\"ez-toc-section-end\"><\/span><\/h3>\n<p>Antes de avanzar con la operaci\u00f3n, es recomendable comprobar:<\/p>\n<ul>\n<li>Si el inmueble est\u00e1 situado en <strong>Barcelona<\/strong>.<\/li>\n<li>Si est\u00e1 en una <strong>zona de mercado residencial tensionado<\/strong>.<\/li>\n<li>Si procede de ejecuci\u00f3n hipotecaria, daci\u00f3n en pago o compensaci\u00f3n de deuda.<\/li>\n<li>Si el transmitente es una <strong>persona jur\u00eddica gran tenedora<\/strong>.<\/li>\n<li>Si el inmueble puede estar afectado por la ordenanza municipal.<\/li>\n<li>Si hay arrendatarios, ocupantes o comuneros con derechos preferentes.<\/li>\n<li>Si debe comunicarse la operaci\u00f3n a la Generalitat o al Ayuntamiento.<\/li>\n<li>Qu\u00e9 plazos pueden afectar al calendario de venta.<\/li>\n<\/ul>\n<p>Esta revisi\u00f3n no busca complicar la operaci\u00f3n. Busca evitar sorpresas.<\/p>\n<\/div><\/div><div class=\"et_pb_image_6 et_pb_image et_pb_module et_block_module\"><span class=\"et_pb_image_wrap\"><img decoding=\"async\" src=\"https:\/\/www.solfinc.com\/wp-content\/uploads\/2026\/06\/vender-inmueble.jpg\" width=\"800\" height=\"465\" srcset=\"https:\/\/www.solfinc.com\/wp-content\/uploads\/2026\/06\/vender-inmueble.jpg 800w, https:\/\/www.solfinc.com\/wp-content\/uploads\/2026\/06\/vender-inmueble-480x279.jpg 480w\" sizes=\"(min-width: 0px) and (max-width: 480px) 480px, (min-width: 481px) 800px, 100vw\" class=\"wp-image-243586\" alt=\"Vender inmueble\" title=\"Vender inmueble\" \/><\/span><\/div><\/div><div class=\"et_pb_column_23 et_pb_column et_pb_column_2_5 et-last-child et_block_column et_pb_column_empty et_pb_css_mix_blend_mode_passthrough\"><\/div><\/div><div class=\"et_pb_row_16 et_pb_row et_block_row\"><div class=\"et_pb_column_24 et_pb_column et_pb_column_4_4 et-last-child et_block_column et_pb_css_mix_blend_mode_passthrough\"><div class=\"et_pb_text_17 et_pb_text et_pb_bg_layout_light et_pb_module et_block_module\"><div class=\"et_pb_text_inner\"><h2><span class=\"ez-toc-section\" id=\"solfinc-y-la-gestion-de-operaciones-inmobiliarias-en-barcelona\"><\/span>Solfinc y la gesti\u00f3n de operaciones inmobiliarias en Barcelona<span class=\"ez-toc-section-end\"><\/span><\/h2>\n<p>Los <strong>derechos de adquisici\u00f3n preferente en Catalu\u00f1a y Barcelona<\/strong> demuestran que una venta inmobiliaria puede tener m\u00e1s recorrido legal del que parece.<\/p>\n<p>Una compraventa no depende solo del precio, del comprador o de la negociaci\u00f3n.<\/p>\n<p>Tambi\u00e9n depende de la documentaci\u00f3n, los plazos, las comunicaciones previas y la situaci\u00f3n jur\u00eddica del inmueble.<\/p>\n<p>Solfinc, como <strong>agencia inmobiliaria en Barcelona<\/strong> y empresa especializada en <strong>administraci\u00f3n de fincas<\/strong>, acompa\u00f1a a propietarios y comunidades en procesos donde la seguridad jur\u00eddica es tan importante como la propia venta.<\/p>\n<p>Si est\u00e1s valorando vender un inmueble en Barcelona, revisar estos aspectos antes de iniciar la operaci\u00f3n puede marcar la diferencia entre una compraventa fluida y una operaci\u00f3n bloqueada por tr\u00e1mites que podr\u00edan haberse previsto.<\/p>\n<\/div><\/div><\/div><\/div><\/div>\n","protected":false},"excerpt":{"rendered":"","protected":false},"author":11,"featured_media":243036,"comment_status":"closed","ping_status":"closed","sticky":false,"template":"","format":"standard","meta":{"inline_featured_image":false,"footnotes":""},"categories":[373,396,7,1],"tags":[],"class_list":["post-242635","post","type-post","status-publish","format-standard","has-post-thumbnail","hentry","category-comunidades","category-destacadas","category-patrimonio","category-ultimas-entradas"],"yoast_head":"<!-- This site is optimized with the Yoast SEO Premium plugin v28.1 (Yoast SEO v28.3) - https:\/\/yoast.com\/product\/yoast-seo-premium-wordpress\/ -->\n<title>Derechos de adquisici\u00f3n preferente en Catalu\u00f1a y Barcelona | Grup Solfinc<\/title>\n<meta name=\"description\" content=\"Derechos de adquisici\u00f3n preferente en Catalu\u00f1a y Barcelona: cu\u00e1ndo pueden intervenir la Generalitat o el Ayuntamiento en la venta de una vivienda.\" \/>\n<meta name=\"robots\" content=\"index, follow, max-snippet:-1, max-image-preview:large, max-video-preview:-1\" \/>\n<link rel=\"canonical\" href=\"https:\/\/www.solfinc.com\/es\/blog\/derechos-adquisicion-preferente-cataluna-y-barcelona\/\" \/>\n<meta property=\"og:locale\" content=\"es_ES\" \/>\n<meta property=\"og:type\" content=\"article\" \/>\n<meta property=\"og:title\" content=\"Derechos de adquisici\u00f3n preferente en Catalu\u00f1a y Barcelona: cu\u00e1ndo puede intervenir la Administraci\u00f3n\" \/>\n<meta property=\"og:url\" content=\"https:\/\/www.solfinc.com\/es\/blog\/derechos-adquisicion-preferente-cataluna-y-barcelona\/\" \/>\n<meta property=\"og:site_name\" content=\"Grup Solfinc\" \/>\n<meta property=\"article:publisher\" content=\"https:\/\/www.facebook.com\/GrupSolfinc\" \/>\n<meta property=\"article:published_time\" content=\"2026-07-22T08:00:35+00:00\" \/>\n<meta property=\"article:modified_time\" content=\"2026-08-17T11:52:53+00:00\" \/>\n<meta property=\"og:image\" content=\"https:\/\/www.solfinc.com\/wp-content\/uploads\/2026\/06\/adquisicion-preferente.jpg\" \/>\n\t<meta property=\"og:image:width\" content=\"1300\" \/>\n\t<meta property=\"og:image:height\" content=\"350\" \/>\n\t<meta property=\"og:image:type\" content=\"image\/jpeg\" \/>\n<meta name=\"author\" content=\"Contenido\" \/>\n<meta name=\"twitter:card\" content=\"summary_large_image\" \/>\n<meta name=\"twitter:creator\" content=\"@grupsolfinc\" \/>\n<meta name=\"twitter:site\" content=\"@grupsolfinc\" \/>\n<meta name=\"twitter:label1\" content=\"Escrito por\" \/>\n\t<meta name=\"twitter:data1\" content=\"Contenido\" \/>\n\t<meta name=\"twitter:label2\" content=\"Tiempo de lectura\" \/>\n\t<meta name=\"twitter:data2\" content=\"14 minutos\" \/>\n<script type=\"application\/ld+json\" class=\"yoast-schema-graph\">{\"@context\":\"https:\\\/\\\/schema.org\",\"@graph\":[{\"@type\":\"Article\",\"@id\":\"https:\\\/\\\/www.solfinc.com\\\/es\\\/blog\\\/derechos-adquisicion-preferente-cataluna-y-barcelona\\\/#article\",\"isPartOf\":{\"@id\":\"https:\\\/\\\/www.solfinc.com\\\/es\\\/blog\\\/derechos-adquisicion-preferente-cataluna-y-barcelona\\\/\"},\"author\":{\"name\":\"Contenido\",\"@id\":\"https:\\\/\\\/www.solfinc.com\\\/es\\\/#\\\/schema\\\/person\\\/9df4a5cdea829a6844256e78de6850fa\"},\"headline\":\"Derechos de adquisici\u00f3n preferente en Catalu\u00f1a y Barcelona: cu\u00e1ndo puede intervenir la Administraci\u00f3n\",\"datePublished\":\"2026-07-22T08:00:35+00:00\",\"dateModified\":\"2026-08-17T11:52:53+00:00\",\"mainEntityOfPage\":{\"@id\":\"https:\\\/\\\/www.solfinc.com\\\/es\\\/blog\\\/derechos-adquisicion-preferente-cataluna-y-barcelona\\\/\"},\"wordCount\":17,\"image\":{\"@id\":\"https:\\\/\\\/www.solfinc.com\\\/es\\\/blog\\\/derechos-adquisicion-preferente-cataluna-y-barcelona\\\/#primaryimage\"},\"thumbnailUrl\":\"https:\\\/\\\/www.solfinc.com\\\/wp-content\\\/uploads\\\/2026\\\/06\\\/adquisicion-preferente.jpg\",\"articleSection\":[\"Comunidades\",\"Destacadas\",\"Patrimonio\",\"\u00daltimas entradas\"],\"inLanguage\":\"es\"},{\"@type\":\"WebPage\",\"@id\":\"https:\\\/\\\/www.solfinc.com\\\/es\\\/blog\\\/derechos-adquisicion-preferente-cataluna-y-barcelona\\\/\",\"url\":\"https:\\\/\\\/www.solfinc.com\\\/es\\\/blog\\\/derechos-adquisicion-preferente-cataluna-y-barcelona\\\/\",\"name\":\"Derechos de adquisici\u00f3n preferente en Catalu\u00f1a y Barcelona | Grup Solfinc\",\"isPartOf\":{\"@id\":\"https:\\\/\\\/www.solfinc.com\\\/es\\\/#website\"},\"primaryImageOfPage\":{\"@id\":\"https:\\\/\\\/www.solfinc.com\\\/es\\\/blog\\\/derechos-adquisicion-preferente-cataluna-y-barcelona\\\/#primaryimage\"},\"image\":{\"@id\":\"https:\\\/\\\/www.solfinc.com\\\/es\\\/blog\\\/derechos-adquisicion-preferente-cataluna-y-barcelona\\\/#primaryimage\"},\"thumbnailUrl\":\"https:\\\/\\\/www.solfinc.com\\\/wp-content\\\/uploads\\\/2026\\\/06\\\/adquisicion-preferente.jpg\",\"datePublished\":\"2026-07-22T08:00:35+00:00\",\"dateModified\":\"2026-08-17T11:52:53+00:00\",\"author\":{\"@id\":\"https:\\\/\\\/www.solfinc.com\\\/es\\\/#\\\/schema\\\/person\\\/9df4a5cdea829a6844256e78de6850fa\"},\"description\":\"Derechos de adquisici\u00f3n preferente en Catalu\u00f1a y Barcelona: cu\u00e1ndo pueden intervenir la Generalitat o el Ayuntamiento en la venta de una vivienda.\",\"breadcrumb\":{\"@id\":\"https:\\\/\\\/www.solfinc.com\\\/es\\\/blog\\\/derechos-adquisicion-preferente-cataluna-y-barcelona\\\/#breadcrumb\"},\"inLanguage\":\"es\",\"potentialAction\":[{\"@type\":\"ReadAction\",\"target\":[\"https:\\\/\\\/www.solfinc.com\\\/es\\\/blog\\\/derechos-adquisicion-preferente-cataluna-y-barcelona\\\/\"]}]},{\"@type\":\"ImageObject\",\"inLanguage\":\"es\",\"@id\":\"https:\\\/\\\/www.solfinc.com\\\/es\\\/blog\\\/derechos-adquisicion-preferente-cataluna-y-barcelona\\\/#primaryimage\",\"url\":\"https:\\\/\\\/www.solfinc.com\\\/wp-content\\\/uploads\\\/2026\\\/06\\\/adquisicion-preferente.jpg\",\"contentUrl\":\"https:\\\/\\\/www.solfinc.com\\\/wp-content\\\/uploads\\\/2026\\\/06\\\/adquisicion-preferente.jpg\",\"width\":1300,\"height\":350,\"caption\":\"Adquisici\u00f3n preferente\"},{\"@type\":\"BreadcrumbList\",\"@id\":\"https:\\\/\\\/www.solfinc.com\\\/es\\\/blog\\\/derechos-adquisicion-preferente-cataluna-y-barcelona\\\/#breadcrumb\",\"itemListElement\":[{\"@type\":\"ListItem\",\"position\":1,\"name\":\"Inicio\",\"item\":\"https:\\\/\\\/www.solfinc.com\\\/es\\\/\"},{\"@type\":\"ListItem\",\"position\":2,\"name\":\"Comunidades\",\"item\":\"https:\\\/\\\/www.solfinc.com\\\/es\\\/category\\\/comunidades\\\/\"},{\"@type\":\"ListItem\",\"position\":3,\"name\":\"Derechos de adquisici\u00f3n preferente en Catalu\u00f1a y Barcelona: cu\u00e1ndo puede intervenir la Administraci\u00f3n\"}]},{\"@type\":\"WebSite\",\"@id\":\"https:\\\/\\\/www.solfinc.com\\\/es\\\/#website\",\"url\":\"https:\\\/\\\/www.solfinc.com\\\/es\\\/\",\"name\":\"Grup Solfinc\",\"description\":\"Administraci\u00f3 de finques a Barcelona\",\"potentialAction\":[{\"@type\":\"SearchAction\",\"target\":{\"@type\":\"EntryPoint\",\"urlTemplate\":\"https:\\\/\\\/www.solfinc.com\\\/es\\\/?s={search_term_string}\"},\"query-input\":{\"@type\":\"PropertyValueSpecification\",\"valueRequired\":true,\"valueName\":\"search_term_string\"}}],\"inLanguage\":\"es\"},{\"@type\":\"Person\",\"@id\":\"https:\\\/\\\/www.solfinc.com\\\/es\\\/#\\\/schema\\\/person\\\/9df4a5cdea829a6844256e78de6850fa\",\"name\":\"Contenido\",\"image\":{\"@type\":\"ImageObject\",\"inLanguage\":\"es\",\"@id\":\"https:\\\/\\\/secure.gravatar.com\\\/avatar\\\/fb5b07fe14b62ac77b4712de5206e82f83c311d45e63c92d1ba644c95abfb891?s=96&d=mm&r=g\",\"url\":\"https:\\\/\\\/secure.gravatar.com\\\/avatar\\\/fb5b07fe14b62ac77b4712de5206e82f83c311d45e63c92d1ba644c95abfb891?s=96&d=mm&r=g\",\"contentUrl\":\"https:\\\/\\\/secure.gravatar.com\\\/avatar\\\/fb5b07fe14b62ac77b4712de5206e82f83c311d45e63c92d1ba644c95abfb891?s=96&d=mm&r=g\",\"caption\":\"Contenido\"}},{\"@type\":\"ImageObject\",\"inLanguage\":\"es\",\"@id\":\"https:\\\/\\\/www.solfinc.com\\\/es\\\/blog\\\/derechos-adquisicion-preferente-cataluna-y-barcelona\\\/#local-main-organization-logo\",\"url\":\"\",\"contentUrl\":\"\",\"caption\":\"Solfinc\"}]}<\/script>\n<!-- \/ Yoast SEO Premium plugin. -->","yoast_head_json":{"title":"Derechos de adquisici\u00f3n preferente en Catalu\u00f1a y Barcelona | Grup Solfinc","description":"Derechos de adquisici\u00f3n preferente en Catalu\u00f1a y Barcelona: cu\u00e1ndo pueden intervenir la Generalitat o el Ayuntamiento en la venta de una vivienda.","robots":{"index":"index","follow":"follow","max-snippet":"max-snippet:-1","max-image-preview":"max-image-preview:large","max-video-preview":"max-video-preview:-1"},"canonical":"https:\/\/www.solfinc.com\/es\/blog\/derechos-adquisicion-preferente-cataluna-y-barcelona\/","og_locale":"es_ES","og_type":"article","og_title":"Derechos de adquisici\u00f3n preferente en Catalu\u00f1a y Barcelona: cu\u00e1ndo puede intervenir la Administraci\u00f3n","og_url":"https:\/\/www.solfinc.com\/es\/blog\/derechos-adquisicion-preferente-cataluna-y-barcelona\/","og_site_name":"Grup Solfinc","article_publisher":"https:\/\/www.facebook.com\/GrupSolfinc","article_published_time":"2026-07-22T08:00:35+00:00","article_modified_time":"2026-08-17T11:52:53+00:00","og_image":[{"width":1300,"height":350,"url":"https:\/\/www.solfinc.com\/wp-content\/uploads\/2026\/06\/adquisicion-preferente.jpg","type":"image\/jpeg"}],"author":"Contenido","twitter_card":"summary_large_image","twitter_creator":"@grupsolfinc","twitter_site":"@grupsolfinc","twitter_misc":{"Escrito por":"Contenido","Tiempo de lectura":"14 minutos"},"schema":{"@context":"https:\/\/schema.org","@graph":[{"@type":"Article","@id":"https:\/\/www.solfinc.com\/es\/blog\/derechos-adquisicion-preferente-cataluna-y-barcelona\/#article","isPartOf":{"@id":"https:\/\/www.solfinc.com\/es\/blog\/derechos-adquisicion-preferente-cataluna-y-barcelona\/"},"author":{"name":"Contenido","@id":"https:\/\/www.solfinc.com\/es\/#\/schema\/person\/9df4a5cdea829a6844256e78de6850fa"},"headline":"Derechos de adquisici\u00f3n preferente en Catalu\u00f1a y Barcelona: cu\u00e1ndo puede intervenir la Administraci\u00f3n","datePublished":"2026-07-22T08:00:35+00:00","dateModified":"2026-08-17T11:52:53+00:00","mainEntityOfPage":{"@id":"https:\/\/www.solfinc.com\/es\/blog\/derechos-adquisicion-preferente-cataluna-y-barcelona\/"},"wordCount":17,"image":{"@id":"https:\/\/www.solfinc.com\/es\/blog\/derechos-adquisicion-preferente-cataluna-y-barcelona\/#primaryimage"},"thumbnailUrl":"https:\/\/www.solfinc.com\/wp-content\/uploads\/2026\/06\/adquisicion-preferente.jpg","articleSection":["Comunidades","Destacadas","Patrimonio","\u00daltimas entradas"],"inLanguage":"es"},{"@type":"WebPage","@id":"https:\/\/www.solfinc.com\/es\/blog\/derechos-adquisicion-preferente-cataluna-y-barcelona\/","url":"https:\/\/www.solfinc.com\/es\/blog\/derechos-adquisicion-preferente-cataluna-y-barcelona\/","name":"Derechos de adquisici\u00f3n preferente en Catalu\u00f1a y Barcelona | Grup Solfinc","isPartOf":{"@id":"https:\/\/www.solfinc.com\/es\/#website"},"primaryImageOfPage":{"@id":"https:\/\/www.solfinc.com\/es\/blog\/derechos-adquisicion-preferente-cataluna-y-barcelona\/#primaryimage"},"image":{"@id":"https:\/\/www.solfinc.com\/es\/blog\/derechos-adquisicion-preferente-cataluna-y-barcelona\/#primaryimage"},"thumbnailUrl":"https:\/\/www.solfinc.com\/wp-content\/uploads\/2026\/06\/adquisicion-preferente.jpg","datePublished":"2026-07-22T08:00:35+00:00","dateModified":"2026-08-17T11:52:53+00:00","author":{"@id":"https:\/\/www.solfinc.com\/es\/#\/schema\/person\/9df4a5cdea829a6844256e78de6850fa"},"description":"Derechos de adquisici\u00f3n preferente en Catalu\u00f1a y Barcelona: cu\u00e1ndo pueden intervenir la Generalitat o el Ayuntamiento en la venta de una vivienda.","breadcrumb":{"@id":"https:\/\/www.solfinc.com\/es\/blog\/derechos-adquisicion-preferente-cataluna-y-barcelona\/#breadcrumb"},"inLanguage":"es","potentialAction":[{"@type":"ReadAction","target":["https:\/\/www.solfinc.com\/es\/blog\/derechos-adquisicion-preferente-cataluna-y-barcelona\/"]}]},{"@type":"ImageObject","inLanguage":"es","@id":"https:\/\/www.solfinc.com\/es\/blog\/derechos-adquisicion-preferente-cataluna-y-barcelona\/#primaryimage","url":"https:\/\/www.solfinc.com\/wp-content\/uploads\/2026\/06\/adquisicion-preferente.jpg","contentUrl":"https:\/\/www.solfinc.com\/wp-content\/uploads\/2026\/06\/adquisicion-preferente.jpg","width":1300,"height":350,"caption":"Adquisici\u00f3n preferente"},{"@type":"BreadcrumbList","@id":"https:\/\/www.solfinc.com\/es\/blog\/derechos-adquisicion-preferente-cataluna-y-barcelona\/#breadcrumb","itemListElement":[{"@type":"ListItem","position":1,"name":"Inicio","item":"https:\/\/www.solfinc.com\/es\/"},{"@type":"ListItem","position":2,"name":"Comunidades","item":"https:\/\/www.solfinc.com\/es\/category\/comunidades\/"},{"@type":"ListItem","position":3,"name":"Derechos de adquisici\u00f3n preferente en Catalu\u00f1a y Barcelona: cu\u00e1ndo puede intervenir la Administraci\u00f3n"}]},{"@type":"WebSite","@id":"https:\/\/www.solfinc.com\/es\/#website","url":"https:\/\/www.solfinc.com\/es\/","name":"Grup Solfinc","description":"Administraci\u00f3 de finques a Barcelona","potentialAction":[{"@type":"SearchAction","target":{"@type":"EntryPoint","urlTemplate":"https:\/\/www.solfinc.com\/es\/?s={search_term_string}"},"query-input":{"@type":"PropertyValueSpecification","valueRequired":true,"valueName":"search_term_string"}}],"inLanguage":"es"},{"@type":"Person","@id":"https:\/\/www.solfinc.com\/es\/#\/schema\/person\/9df4a5cdea829a6844256e78de6850fa","name":"Contenido","image":{"@type":"ImageObject","inLanguage":"es","@id":"https:\/\/secure.gravatar.com\/avatar\/fb5b07fe14b62ac77b4712de5206e82f83c311d45e63c92d1ba644c95abfb891?s=96&d=mm&r=g","url":"https:\/\/secure.gravatar.com\/avatar\/fb5b07fe14b62ac77b4712de5206e82f83c311d45e63c92d1ba644c95abfb891?s=96&d=mm&r=g","contentUrl":"https:\/\/secure.gravatar.com\/avatar\/fb5b07fe14b62ac77b4712de5206e82f83c311d45e63c92d1ba644c95abfb891?s=96&d=mm&r=g","caption":"Contenido"}},{"@type":"ImageObject","inLanguage":"es","@id":"https:\/\/www.solfinc.com\/es\/blog\/derechos-adquisicion-preferente-cataluna-y-barcelona\/#local-main-organization-logo","url":"","contentUrl":"","caption":"Solfinc"}]}},"_links":{"self":[{"href":"https:\/\/www.solfinc.com\/es\/wp-json\/wp\/v2\/posts\/242635","targetHints":{"allow":["GET"]}}],"collection":[{"href":"https:\/\/www.solfinc.com\/es\/wp-json\/wp\/v2\/posts"}],"about":[{"href":"https:\/\/www.solfinc.com\/es\/wp-json\/wp\/v2\/types\/post"}],"author":[{"embeddable":true,"href":"https:\/\/www.solfinc.com\/es\/wp-json\/wp\/v2\/users\/11"}],"replies":[{"embeddable":true,"href":"https:\/\/www.solfinc.com\/es\/wp-json\/wp\/v2\/comments?post=242635"}],"version-history":[{"count":0,"href":"https:\/\/www.solfinc.com\/es\/wp-json\/wp\/v2\/posts\/242635\/revisions"}],"wp:featuredmedia":[{"embeddable":true,"href":"https:\/\/www.solfinc.com\/es\/wp-json\/wp\/v2\/media\/243036"}],"wp:attachment":[{"href":"https:\/\/www.solfinc.com\/es\/wp-json\/wp\/v2\/media?parent=242635"}],"wp:term":[{"taxonomy":"category","embeddable":true,"href":"https:\/\/www.solfinc.com\/es\/wp-json\/wp\/v2\/categories?post=242635"},{"taxonomy":"post_tag","embeddable":true,"href":"https:\/\/www.solfinc.com\/es\/wp-json\/wp\/v2\/tags?post=242635"}],"curies":[{"name":"wp","href":"https:\/\/api.w.org\/{rel}","templated":true}]}}